{"id":195802,"date":"2025-03-11T08:21:24","date_gmt":"2025-03-11T11:21:24","guid":{"rendered":"https:\/\/corrientesdetarde.com\/?p=195802"},"modified":"2025-03-11T08:21:35","modified_gmt":"2025-03-11T11:21:35","slug":"el-papa-francisco-mejora-y-los-medicos-le-retiraron-el-pronostico-reservado","status":"publish","type":"post","link":"https:\/\/corrientesdetarde.com\/index.php\/sociales\/el-papa-francisco-mejora-y-los-medicos-le-retiraron-el-pronostico-reservado\/","title":{"rendered":"El papa Francisco mejora y los m\u00e9dicos le retiraron el pron\u00f3stico reservado"},"content":{"rendered":"\n<p>El papa Francisco recibi\u00f3 este martes buenas noticias sobre su estado de salud, ya que los m\u00e9dicos del hospital Gemelli de Roma mejoraron su pron\u00f3stico y confirmaron que ya no est\u00e1 en peligro inminente tras la neumon\u00eda bilateral que lo ha mantenido internado desde el 14 de febrero.<\/p>\n\n\n\n<p>Sin embargo, el pont\u00edfice seguir\u00e1 hospitalizado algunos d\u00edas m\u00e1s para continuar con el tratamiento m\u00e9dico y evitar reca\u00eddas, especialmente debido a su fragilidad y edad avanzada.<\/p>\n\n\n\n<h2 class=\"wp-block-heading\">Un estado estable, pero con precauciones<\/h2>\n\n\n\n<p>El Vaticano inform\u00f3 que Francisco, de 88 a\u00f1os, pas\u00f3 una noche tranquila y se despert\u00f3 alrededor de las 8 de la ma\u00f1ana, lo que refleja una rutina m\u00e1s relajada en comparaci\u00f3n con su horario habitual en el Vaticano, donde comienza su d\u00eda a las 4:30.<\/p>\n\n\n\n<p>Los m\u00e9dicos decidieron retirar el pron\u00f3stico &#8220;reservado&#8221; que manten\u00edan hasta ahora, lo que significa que consideran que su estado ya no es cr\u00edtico. Sin embargo, alertaron que su recuperaci\u00f3n sigue en curso y requiere de estrictos cuidados.<\/p>\n\n\n\n<p>El papa contin\u00faa con ox\u00edgeno suplementario durante el d\u00eda y una m\u00e1scara de ventilaci\u00f3n por la noche para ayudar a su respiraci\u00f3n. Adem\u00e1s, los an\u00e1lisis m\u00e9dicos recientes muestran una respuesta positiva al tratamiento.<\/p>\n","protected":false},"excerpt":{"rendered":"<p>El papa Francisco recibi\u00f3 este martes buenas noticias sobre su estado de salud, ya que los m\u00e9dicos del hospital Gemelli de Roma mejoraron su pron\u00f3stico y confirmaron que ya no&hellip; <\/p>\n","protected":false},"author":1,"featured_media":190992,"comment_status":"closed","ping_status":"open","sticky":false,"template":"","format":"standard","meta":{"footnotes":""},"categories":[17],"tags":[],"class_list":["post-195802","post","type-post","status-publish","format-standard","has-post-thumbnail","hentry","category-sociales"],"_links":{"self":[{"href":"https:\/\/corrientesdetarde.com\/index.php\/wp-json\/wp\/v2\/posts\/195802","targetHints":{"allow":["GET"]}}],"collection":[{"href":"https:\/\/corrientesdetarde.com\/index.php\/wp-json\/wp\/v2\/posts"}],"about":[{"href":"https:\/\/corrientesdetarde.com\/index.php\/wp-json\/wp\/v2\/types\/post"}],"author":[{"embeddable":true,"href":"https:\/\/corrientesdetarde.com\/index.php\/wp-json\/wp\/v2\/users\/1"}],"replies":[{"embeddable":true,"href":"https:\/\/corrientesdetarde.com\/index.php\/wp-json\/wp\/v2\/comments?post=195802"}],"version-history":[{"count":1,"href":"https:\/\/corrientesdetarde.com\/index.php\/wp-json\/wp\/v2\/posts\/195802\/revisions"}],"predecessor-version":[{"id":195803,"href":"https:\/\/corrientesdetarde.com\/index.php\/wp-json\/wp\/v2\/posts\/195802\/revisions\/195803"}],"wp:featuredmedia":[{"embeddable":true,"href":"https:\/\/corrientesdetarde.com\/index.php\/wp-json\/wp\/v2\/media\/190992"}],"wp:attachment":[{"href":"https:\/\/corrientesdetarde.com\/index.php\/wp-json\/wp\/v2\/media?parent=195802"}],"wp:term":[{"taxonomy":"category","embeddable":true,"href":"https:\/\/corrientesdetarde.com\/index.php\/wp-json\/wp\/v2\/categories?post=195802"},{"taxonomy":"post_tag","embeddable":true,"href":"https:\/\/corrientesdetarde.com\/index.php\/wp-json\/wp\/v2\/tags?post=195802"}],"curies":[{"name":"wp","href":"https:\/\/api.w.org\/{rel}","templated":true}]}}