{"id":195804,"date":"2025-03-11T08:23:42","date_gmt":"2025-03-11T11:23:42","guid":{"rendered":"https:\/\/corrientesdetarde.com\/?p=195804"},"modified":"2025-03-11T09:24:13","modified_gmt":"2025-03-11T12:24:13","slug":"se-realizaran-cortes-de-electricidad-por-tareas-de-mantenimiento-en-corrientes-e-ituzaingo","status":"publish","type":"post","link":"https:\/\/corrientesdetarde.com\/index.php\/informacion-general\/se-realizaran-cortes-de-electricidad-por-tareas-de-mantenimiento-en-corrientes-e-ituzaingo\/","title":{"rendered":"Se realizar\u00e1n cortes de electricidad por tareas de mantenimiento en Corrientes e Ituzaing\u00f3"},"content":{"rendered":"\n<p>La Direcci\u00f3n Provincial de Energ\u00eda de Corrientes (Dpec) informa que este martes, por obras de mantenimiento y mejora, se realizar\u00e1n interrupciones moment\u00e1neas en el suministro&nbsp;el\u00e9ctrico en Capital e Ituzaing\u00f3.<\/p>\n\n\n\n<p>Las tareas de mantenimiento prev\u00e9n la interrupci\u00f3n de servicio el\u00e9ctrico en la ciudad de Corrientes, de 7 a 13 en los barrios Collantes, Bercomat, Bejarano, avenida Libertad al 5900 y alrededores. Tambi\u00e9n, alcanzar\u00e1 de 8 a 12 horas al barrio La Rosada y proximidades; y de 11 a 12 horas en los barrios 17 de Agosto, San Marcelo, Guemes, y zonas de influencia.<\/p>\n\n\n\n<figure class=\"wp-block-image\"><img decoding=\"async\" src=\"https:\/\/pxcdn.ellitoral.com.ar\/litoral\/032025\/1741641289426.webp?cw=807\" alt=\"Se realizar\u00e1n cortes de electricidad por tareas de mantenimiento en Corrientes e Ituzaing\u00f3\" title=\"Se realizar\u00e1n cortes de electricidad por tareas de mantenimiento en Corrientes e Ituzaing\u00f3-\"\/><\/figure>\n\n\n\n<figure class=\"wp-block-image\"><img decoding=\"async\" src=\"https:\/\/pxcdn.ellitoral.com.ar\/litoral\/032025\/1741641290055.webp?cw=807\" alt=\"Se realizar\u00e1n cortes de electricidad por tareas de mantenimiento en Corrientes e Ituzaing\u00f3\" title=\"Se realizar\u00e1n cortes de electricidad por tareas de mantenimiento en Corrientes e Ituzaing\u00f3-\"\/><\/figure>\n\n\n\n<p>En tanto que se cortar\u00e1 el servicio de energ\u00eda el\u00e9ctrica en Ituzaing\u00f3 de 7 a 12 horas por tareas de mantenimiento de L\u00ednea de Media Tensi\u00f3n (LMT). El corte afectar\u00e1 a los barrios Paran\u00e1, Arenera, Santa Rita, Chacra 7, Cementerio y \u00e1reas de influencia.<\/p>\n\n\n\n<figure class=\"wp-block-image\"><img decoding=\"async\" src=\"https:\/\/pxcdn.ellitoral.com.ar\/litoral\/032025\/1741641288330.webp?cw=807\" alt=\"Se realizar\u00e1n cortes de electricidad por tareas de mantenimiento en Corrientes e Ituzaing\u00f3\" title=\"Se realizar\u00e1n cortes de electricidad por tareas de mantenimiento en Corrientes e Ituzaing\u00f3-\"\/><\/figure>\n","protected":false},"excerpt":{"rendered":"<p>La Direcci\u00f3n Provincial de Energ\u00eda de Corrientes (Dpec) informa que este martes, por obras de mantenimiento y mejora, se realizar\u00e1n interrupciones moment\u00e1neas en el suministro&nbsp;el\u00e9ctrico en Capital e Ituzaing\u00f3. Las&hellip; <\/p>\n","protected":false},"author":1,"featured_media":135803,"comment_status":"closed","ping_status":"open","sticky":false,"template":"","format":"standard","meta":{"footnotes":""},"categories":[1],"tags":[],"class_list":["post-195804","post","type-post","status-publish","format-standard","has-post-thumbnail","hentry","category-informacion-general"],"_links":{"self":[{"href":"https:\/\/corrientesdetarde.com\/index.php\/wp-json\/wp\/v2\/posts\/195804","targetHints":{"allow":["GET"]}}],"collection":[{"href":"https:\/\/corrientesdetarde.com\/index.php\/wp-json\/wp\/v2\/posts"}],"about":[{"href":"https:\/\/corrientesdetarde.com\/index.php\/wp-json\/wp\/v2\/types\/post"}],"author":[{"embeddable":true,"href":"https:\/\/corrientesdetarde.com\/index.php\/wp-json\/wp\/v2\/users\/1"}],"replies":[{"embeddable":true,"href":"https:\/\/corrientesdetarde.com\/index.php\/wp-json\/wp\/v2\/comments?post=195804"}],"version-history":[{"count":1,"href":"https:\/\/corrientesdetarde.com\/index.php\/wp-json\/wp\/v2\/posts\/195804\/revisions"}],"predecessor-version":[{"id":195805,"href":"https:\/\/corrientesdetarde.com\/index.php\/wp-json\/wp\/v2\/posts\/195804\/revisions\/195805"}],"wp:featuredmedia":[{"embeddable":true,"href":"https:\/\/corrientesdetarde.com\/index.php\/wp-json\/wp\/v2\/media\/135803"}],"wp:attachment":[{"href":"https:\/\/corrientesdetarde.com\/index.php\/wp-json\/wp\/v2\/media?parent=195804"}],"wp:term":[{"taxonomy":"category","embeddable":true,"href":"https:\/\/corrientesdetarde.com\/index.php\/wp-json\/wp\/v2\/categories?post=195804"},{"taxonomy":"post_tag","embeddable":true,"href":"https:\/\/corrientesdetarde.com\/index.php\/wp-json\/wp\/v2\/tags?post=195804"}],"curies":[{"name":"wp","href":"https:\/\/api.w.org\/{rel}","templated":true}]}}