{"id":195812,"date":"2025-03-11T09:22:17","date_gmt":"2025-03-11T12:22:17","guid":{"rendered":"https:\/\/corrientesdetarde.com\/?p=195812"},"modified":"2025-03-11T09:22:20","modified_gmt":"2025-03-11T12:22:20","slug":"del-moro-anuncio-que-gran-hermano-se-sumara-a-la-colecta-solidaria-por-bahia-blanca","status":"publish","type":"post","link":"https:\/\/corrientesdetarde.com\/index.php\/espectaculos\/del-moro-anuncio-que-gran-hermano-se-sumara-a-la-colecta-solidaria-por-bahia-blanca\/","title":{"rendered":"Del Moro anunci\u00f3 que Gran Hermano se sumar\u00e1 a la colecta solidaria por Bah\u00eda Blanca"},"content":{"rendered":"\n<p>El saldo fatal del temporal que azot\u00f3 a Bah\u00eda Blanca sigue en aumento: ya son 16 los muertos y a\u00fan hay personas desaparecidas, seg\u00fan confirmaron fuentes oficiales. Las tareas de rescate y asistencia contin\u00faan en las zonas m\u00e1s afectadas, donde el agua provoc\u00f3 destrozos y dej\u00f3 sin servicios esenciales a miles de vecinos. Por eso la ayuda surge desde diversas instituciones, medios y clubes.<\/p>\n\n\n\n<p><\/p>\n\n\n\n<p>En esta oportunidad, Santiago del Moro, conductor de Gran Hermano, anunci\u00f3 que esta gala ser\u00e1 exclusivamente para ayudar. A trav\u00e9s de una historia de Instagram y arrobando a la Cruz Roja (@cruzrojaarg) expres\u00f3: &#8220;Hoy entre todos estaremos en la gala de Gran Hermano ayudando a los damnificados por las inundaciones de Bahia Blanca y alrededores&#8221; y sum\u00f3 que las mismas ser\u00e1n a trav\u00e9s del alias: &#8220;DONARPORBAHIABLANCA&#8221;<\/p>\n","protected":false},"excerpt":{"rendered":"<p>El saldo fatal del temporal que azot\u00f3 a Bah\u00eda Blanca sigue en aumento: ya son 16 los muertos y a\u00fan hay personas desaparecidas, seg\u00fan confirmaron fuentes oficiales. Las tareas de&hellip; <\/p>\n","protected":false},"author":1,"featured_media":195813,"comment_status":"closed","ping_status":"open","sticky":false,"template":"","format":"standard","meta":{"footnotes":""},"categories":[19],"tags":[],"class_list":["post-195812","post","type-post","status-publish","format-standard","has-post-thumbnail","hentry","category-espectaculos"],"_links":{"self":[{"href":"https:\/\/corrientesdetarde.com\/index.php\/wp-json\/wp\/v2\/posts\/195812","targetHints":{"allow":["GET"]}}],"collection":[{"href":"https:\/\/corrientesdetarde.com\/index.php\/wp-json\/wp\/v2\/posts"}],"about":[{"href":"https:\/\/corrientesdetarde.com\/index.php\/wp-json\/wp\/v2\/types\/post"}],"author":[{"embeddable":true,"href":"https:\/\/corrientesdetarde.com\/index.php\/wp-json\/wp\/v2\/users\/1"}],"replies":[{"embeddable":true,"href":"https:\/\/corrientesdetarde.com\/index.php\/wp-json\/wp\/v2\/comments?post=195812"}],"version-history":[{"count":1,"href":"https:\/\/corrientesdetarde.com\/index.php\/wp-json\/wp\/v2\/posts\/195812\/revisions"}],"predecessor-version":[{"id":195814,"href":"https:\/\/corrientesdetarde.com\/index.php\/wp-json\/wp\/v2\/posts\/195812\/revisions\/195814"}],"wp:featuredmedia":[{"embeddable":true,"href":"https:\/\/corrientesdetarde.com\/index.php\/wp-json\/wp\/v2\/media\/195813"}],"wp:attachment":[{"href":"https:\/\/corrientesdetarde.com\/index.php\/wp-json\/wp\/v2\/media?parent=195812"}],"wp:term":[{"taxonomy":"category","embeddable":true,"href":"https:\/\/corrientesdetarde.com\/index.php\/wp-json\/wp\/v2\/categories?post=195812"},{"taxonomy":"post_tag","embeddable":true,"href":"https:\/\/corrientesdetarde.com\/index.php\/wp-json\/wp\/v2\/tags?post=195812"}],"curies":[{"name":"wp","href":"https:\/\/api.w.org\/{rel}","templated":true}]}}