{"id":195823,"date":"2025-03-11T10:16:21","date_gmt":"2025-03-11T13:16:21","guid":{"rendered":"https:\/\/corrientesdetarde.com\/?p=195823"},"modified":"2025-03-11T10:16:25","modified_gmt":"2025-03-11T13:16:25","slug":"anunciaron-el-aumento-salarial-para-estatales-de-corrientes","status":"publish","type":"post","link":"https:\/\/corrientesdetarde.com\/index.php\/locales\/anunciaron-el-aumento-salarial-para-estatales-de-corrientes\/","title":{"rendered":"Anunciaron el aumento salarial para estatales de Corrientes"},"content":{"rendered":"\n<p>El aumento en\u00a0 los salarios de los trabajadores provinciales activos y jubilados, las ayudas escolares y las asignaciones familiares ser\u00e1 desde MARZO. Estas medidas implican una inversi\u00f3n anual de $130.000 millones por parte del Gobierno de Corrientes.\u00a0<\/p>\n\n\n\n<p><\/p>\n\n\n\n<p><strong>AYUDA ESCOLAR:<\/strong><\/p>\n\n\n\n<p>\u2022 Se incrementa a $200.000 por hijo \u2022 Se abona con el sueldo de marzo, por \u00fanica vez, y alcanza a 40.000 beneficiarios de todos los niveles ASIGNACIONES FAMILIARES: \u2022 Se elevan a $100.000 las asignaciones familiares por hijo<\/p>\n\n\n\n<p><strong>DOCENTES:<\/strong><\/p>\n\n\n\n<p>\u2022 13% de aumento al b\u00e1sico \u2022 El Fondo Compensador Provincial pasa a $316.500 \u2022 El Complemento Docente Provincial (c\u00f3digo 632) se incrementa en un 53%. Es importante destacar que este complemento, de car\u00e1cter remunerativo, hab\u00eda dejado de ser financiado por la Naci\u00f3n y fue asumido \u00edntegramente por el @CorrientesGob<br>&nbsp;\u2022 Se modifica el c\u00f3digo 193, de car\u00e1cter remunerativo. A partir de marzo, se comenzar\u00e1 a liquidar hasta dos cargos, con un valor de $44.667 cada uno<\/p>\n\n\n\n<p><strong>ADMINISTRACI\u00d3N CENTRAL:<\/strong><\/p>\n\n\n\n<p>\u2022 13% de aumento en la asignaci\u00f3n de clase de todas las categor\u00edas. \u2022 Se incorporan $30.000 netos de bolsillo al concepto 134 para las distintas categor\u00edas laborales que posean el concepto en su liquidaci\u00f3n. Este incremento incluye a los Excombatientes de Malvinas \u2022 Se incrementa $35.000 el c\u00f3digo 627<\/p>\n\n\n\n<p><strong>VIALIDAD:<\/strong><\/p>\n\n\n\n<p>\u2022 13% de aumento en el b\u00e1sico \u2022 Se incorpora $35.000 al c\u00f3digo 627<\/p>\n\n\n\n<p><strong>SEGURIDAD:<\/strong><\/p>\n\n\n\n<p>\u2022 13% de incremento en el Valor Punto \u2022 13% de aumento en el m\u00ednimo garantizado \u2022 Se actualizan los c\u00f3digos 180 y 601<\/p>\n\n\n\n<p><strong>SALUD P\u00daBLICA:<\/strong><\/p>\n\n\n\n<p>\u2022 13% de incremento en el valor de las Guardias M\u00e9dicas, Becas Residentes, Becas de Fortalecimiento y Becas de Enfermer\u00eda. La mejora tambi\u00e9n alcanza a los beneficiarios del programa M\u00e1s y Mejor Trabajo \u2022 Se actualizan los c\u00f3digos 182 y 627<\/p>\n","protected":false},"excerpt":{"rendered":"<p>El aumento en\u00a0 los salarios de los trabajadores provinciales activos y jubilados, las ayudas escolares y las asignaciones familiares ser\u00e1 desde MARZO. Estas medidas implican una inversi\u00f3n anual de $130.000&hellip; <\/p>\n","protected":false},"author":1,"featured_media":195830,"comment_status":"closed","ping_status":"open","sticky":false,"template":"","format":"standard","meta":{"footnotes":""},"categories":[8],"tags":[],"class_list":["post-195823","post","type-post","status-publish","format-standard","has-post-thumbnail","hentry","category-locales"],"_links":{"self":[{"href":"https:\/\/corrientesdetarde.com\/index.php\/wp-json\/wp\/v2\/posts\/195823","targetHints":{"allow":["GET"]}}],"collection":[{"href":"https:\/\/corrientesdetarde.com\/index.php\/wp-json\/wp\/v2\/posts"}],"about":[{"href":"https:\/\/corrientesdetarde.com\/index.php\/wp-json\/wp\/v2\/types\/post"}],"author":[{"embeddable":true,"href":"https:\/\/corrientesdetarde.com\/index.php\/wp-json\/wp\/v2\/users\/1"}],"replies":[{"embeddable":true,"href":"https:\/\/corrientesdetarde.com\/index.php\/wp-json\/wp\/v2\/comments?post=195823"}],"version-history":[{"count":1,"href":"https:\/\/corrientesdetarde.com\/index.php\/wp-json\/wp\/v2\/posts\/195823\/revisions"}],"predecessor-version":[{"id":195831,"href":"https:\/\/corrientesdetarde.com\/index.php\/wp-json\/wp\/v2\/posts\/195823\/revisions\/195831"}],"wp:featuredmedia":[{"embeddable":true,"href":"https:\/\/corrientesdetarde.com\/index.php\/wp-json\/wp\/v2\/media\/195830"}],"wp:attachment":[{"href":"https:\/\/corrientesdetarde.com\/index.php\/wp-json\/wp\/v2\/media?parent=195823"}],"wp:term":[{"taxonomy":"category","embeddable":true,"href":"https:\/\/corrientesdetarde.com\/index.php\/wp-json\/wp\/v2\/categories?post=195823"},{"taxonomy":"post_tag","embeddable":true,"href":"https:\/\/corrientesdetarde.com\/index.php\/wp-json\/wp\/v2\/tags?post=195823"}],"curies":[{"name":"wp","href":"https:\/\/api.w.org\/{rel}","templated":true}]}}