{"id":195837,"date":"2025-03-11T13:20:53","date_gmt":"2025-03-11T16:20:53","guid":{"rendered":"https:\/\/corrientesdetarde.com\/?p=195837"},"modified":"2025-03-11T13:24:44","modified_gmt":"2025-03-11T16:24:44","slug":"a-pesar-de-los-recortes-de-nacion-en-obras-y-viviendas-la-provincia-instrumento-medidas-para-continuar-estas-acciones","status":"publish","type":"post","link":"https:\/\/corrientesdetarde.com\/index.php\/actualidad\/a-pesar-de-los-recortes-de-nacion-en-obras-y-viviendas-la-provincia-instrumento-medidas-para-continuar-estas-acciones\/","title":{"rendered":"A pesar de los recortes de Naci\u00f3n en obras y viviendas, la Provincia instrument\u00f3 medidas para continuar estas acciones"},"content":{"rendered":"\n<p>En contacto con la prensa, el ministro de Hacienda y Finanzas, Marcelo Rivas Piasentini, abord\u00f3, entre otros temas, los recortes de fondos y la paralizaci\u00f3n de la obra p\u00fablica dispuesta por Naci\u00f3n, ante lo cual, puso de manifiesto que pese a ello, por instrucciones del gobernador Gustavo Vald\u00e9s, la Provincia, en base a un enorme esfuerzo presupuestario, arbitr\u00f3 los mecanismos para hacerse cargo y proseguir con obras ya empezadas, que tienen un fuerte impacto en la mejora de la calidad de vida de los correntinos.<\/p>\n\n\n\n<p>Rivas Piasentini afirm\u00f3 que la par\u00e1lisis de obras p\u00fablicas nacionales \u201cafectan a todas las provincias, ya que tienen un efecto dinamizador en la econom\u00eda y el trabajo. Es un problema severo, ya que queda en manos de cada provincia llevar adelante las obras y su conclusi\u00f3n, que tuvieron un inicio en el gobierno nacional y que han sido totalmente abandonadas\u201d.<\/p>\n\n\n\n<p>\u201cEstamos hablando de convenios que han sido suscriptos por el Gobierno de la provincia en el \u00faltimo trimestre del a\u00f1o anterior, donde nos hacemos cargo del presupuesto provincial. Y es un esfuerzo enorme poder terminar una obra, pero son absolutamente necesarias y el gobernador Vald\u00e9s ha tomado la decisi\u00f3n de avanzar con eso\u201d, agreg\u00f3.<\/p>\n\n\n\n<p>Al responder las preguntas de la prensa, Rivas Piasentini tambi\u00e9n habl\u00f3 sobre la situaci\u00f3n con la asignaci\u00f3n de fondos nacionales destinados a viviendas. \u201cTodo sigue igual, han dejado de financiarse y no existen cambios sustanciales\u201d, asever\u00f3.<\/p>\n\n\n\n<p>Y manifest\u00f3 que tambi\u00e9n se dejaron de financiar programas en el \u00e1rea de la salud p\u00fablica que son muy sensibles, clarificando que, ante ello, el gobernador Vald\u00e9s decidi\u00f3 continuarlos con fondos de la provincia, ya que tienen \u201cun alto impacto social\u201d.<\/p>\n\n\n\n<p>No obstante, Rivas Piasentini, asegur\u00f3 que la relaci\u00f3n de Corrientes con Naci\u00f3n es \u201cbuena desde el punto de vista t\u00e9cnico\u201d, dejando en claro que \u201clas decisiones de pol\u00edticas macro las toma el presidente Javier Milei\u201d.<\/p>\n\n\n\n<p>Al analizar las proyecciones de la econom\u00eda para este a\u00f1o, Rivas Piasentini remarc\u00f3 que se nota \u201cuna marcada desaceleraci\u00f3n de la inflaci\u00f3n, lo cual es un punto muy positivo, aunque faltan ajustar muchas cosas m\u00e1s\u201d.<\/p>\n\n\n\n<p>Tambi\u00e9n, el ministro se explay\u00f3 sobre las econom\u00edas regionales, lo que seg\u00fan su visi\u00f3n sigue siendo una asignatura pendiente para el gobierno nacional. \u201cPara nosotros son de vital importancia\u201d, expres\u00f3 sobre ese punto el ministro, marcando la necesidad que para las provincias es menester \u201cgenerar propuestas que permitan atraer inversiones del sector privado\u201d.<\/p>\n\n\n\n<p>Prosiguiendo, subray\u00f3 que si bien hay cosas por ajustar, \u201cdeber\u00eda empezar a verse una recuperaci\u00f3n gradual de la econom\u00eda\u201d, puntualizando que \u201cpor la ansiedad con la que vivimos los argentinos pensamos que de manera m\u00e1gica se pueden resolver las cosas y no es as\u00ed\u201d.<\/p>\n","protected":false},"excerpt":{"rendered":"<p>En contacto con la prensa, el ministro de Hacienda y Finanzas, Marcelo Rivas Piasentini, abord\u00f3, entre otros temas, los recortes de fondos y la paralizaci\u00f3n de la obra p\u00fablica dispuesta&hellip; <\/p>\n","protected":false},"author":8,"featured_media":195838,"comment_status":"closed","ping_status":"open","sticky":false,"template":"","format":"standard","meta":{"footnotes":""},"categories":[23],"tags":[],"class_list":["post-195837","post","type-post","status-publish","format-standard","has-post-thumbnail","hentry","category-actualidad"],"_links":{"self":[{"href":"https:\/\/corrientesdetarde.com\/index.php\/wp-json\/wp\/v2\/posts\/195837","targetHints":{"allow":["GET"]}}],"collection":[{"href":"https:\/\/corrientesdetarde.com\/index.php\/wp-json\/wp\/v2\/posts"}],"about":[{"href":"https:\/\/corrientesdetarde.com\/index.php\/wp-json\/wp\/v2\/types\/post"}],"author":[{"embeddable":true,"href":"https:\/\/corrientesdetarde.com\/index.php\/wp-json\/wp\/v2\/users\/8"}],"replies":[{"embeddable":true,"href":"https:\/\/corrientesdetarde.com\/index.php\/wp-json\/wp\/v2\/comments?post=195837"}],"version-history":[{"count":1,"href":"https:\/\/corrientesdetarde.com\/index.php\/wp-json\/wp\/v2\/posts\/195837\/revisions"}],"predecessor-version":[{"id":195839,"href":"https:\/\/corrientesdetarde.com\/index.php\/wp-json\/wp\/v2\/posts\/195837\/revisions\/195839"}],"wp:featuredmedia":[{"embeddable":true,"href":"https:\/\/corrientesdetarde.com\/index.php\/wp-json\/wp\/v2\/media\/195838"}],"wp:attachment":[{"href":"https:\/\/corrientesdetarde.com\/index.php\/wp-json\/wp\/v2\/media?parent=195837"}],"wp:term":[{"taxonomy":"category","embeddable":true,"href":"https:\/\/corrientesdetarde.com\/index.php\/wp-json\/wp\/v2\/categories?post=195837"},{"taxonomy":"post_tag","embeddable":true,"href":"https:\/\/corrientesdetarde.com\/index.php\/wp-json\/wp\/v2\/tags?post=195837"}],"curies":[{"name":"wp","href":"https:\/\/api.w.org\/{rel}","templated":true}]}}