{"id":195840,"date":"2025-03-11T13:26:58","date_gmt":"2025-03-11T16:26:58","guid":{"rendered":"https:\/\/corrientesdetarde.com\/?p=195840"},"modified":"2025-03-11T13:27:04","modified_gmt":"2025-03-11T16:27:04","slug":"fuerte-respuesta-del-gobierno-a-mauricio-macri-tras-las-criticas-a-javier-milei-por-la-obra-publica","status":"publish","type":"post","link":"https:\/\/corrientesdetarde.com\/index.php\/politica\/fuerte-respuesta-del-gobierno-a-mauricio-macri-tras-las-criticas-a-javier-milei-por-la-obra-publica\/","title":{"rendered":"Fuerte respuesta del Gobierno a Mauricio Macri tras las cr\u00edticas a Javier Milei por la obra p\u00fablica"},"content":{"rendered":"\n<p>El jefe de Gabinete, Guillermo Francos, defendi\u00f3 el ajuste que aplica el Gobierno. El expresidente hab\u00eda reclamado \u201cun plan de obras hidr\u00e1ulicas en todo el pa\u00eds\u201d en medio de la cat\u00e1strofe que atraviesa Bah\u00eda Blanca.<\/p>\n\n\n\n<p>El Gobierno le contest\u00f3 al l\u00edder del PRO,\u00a0<strong>Mauricio Macri,<\/strong>\u00a0tras las cr\u00edticas al presidente\u00a0<strong>Javier Milei:<\/strong>\u00a0\u201cEn la situaci\u00f3n en que recibimos el pa\u00eds no se puede hablar de obra p\u00fablica\u201d. El jefe de Gabinete,\u00a0<strong>Guillermo Francos,\u00a0<\/strong>sali\u00f3 al cruce de los cuestionamientos del expresidente, que reclam\u00f3 \u201cun plan de obras hidr\u00e1ulicas en todo el pa\u00eds\u201d, por la cat\u00e1strofe que atraviesa Bah\u00eda Blanca por las inundaciones.<\/p>\n\n\n\n<p>Francos plante\u00f3 en declaraciones a&nbsp;<em>Radio Mitre:<\/em>&nbsp;\u201cNo s\u00e9 qu\u00e9 es lo que piensa Macri o cu\u00e1les son las obras p\u00fablicas a las que se est\u00e1 refiriendo. Lo que tenemos que tener en claro es que cuando nosotros asumimos el gobierno el pa\u00eds estaba&nbsp;<strong>destrozado econ\u00f3mica y financieramente\u201d.<\/strong><\/p>\n\n\n\n<p>El jefe de Gabinete dijo que \u201cen esa situaci\u00f3n&nbsp;<strong>no se puede hablar de obra p\u00fablica,<\/strong>&nbsp;porque como dijo el Presidente el d\u00eda uno, no hay plata, la verdad es que no hab\u00eda plata, con la reconstrucci\u00f3n del pa\u00eds veremos cu\u00e1les son los mecanismos para hacer las obras\u201d.<\/p>\n\n\n\n<h2 class=\"wp-block-heading\">Macri cuestion\u00f3 al Gobierno por el freno de la obra p\u00fablica y le reclam\u00f3 a Milei que se re\u00fana con Kicillof por Bah\u00eda Blanca<\/h2>\n\n\n\n<figure class=\"wp-block-image\"><img decoding=\"async\" src=\"https:\/\/tn.com.ar\/resizer\/v2\/https%3A%2F%2Fthumbs.vodgc.net%2FE709727D04F444F0A25716650CA111A6865.jpg%3F699822?auth=06654c6e5bb013b76353f0854e0bd4e536267eee7c084e4bc3316c82bb6ad1a6&amp;width=767\" alt=\"Video Placeholder\"\/><\/figure>\n\n\n\n<p>Previamente Macri cuestion\u00f3 al Gobierno por el freno de la obra p\u00fablica y le reclam\u00f3 al Presidente que se re\u00fana con el gobernador bonaerense,&nbsp;<strong>Axel Kicillof,<\/strong>&nbsp;por la reconstrucci\u00f3n de Bah\u00eda Blanca, seriamente afectada por la cat\u00e1strofe que gener\u00f3 el temporal.<\/p>\n\n\n\n<p>Macri dijo: \u201cLes mando un abrazo enorme a los bahienses, vimos lo que pas\u00f3, cuando escucho a veces: \u2018El cambio clim\u00e1tico es un invento\u2019, digo: se\u00f1ores, cuidado&#8217;. Espero que el trabajo en conjunto de municipio, primero, la Provincia, despu\u00e9s, y con<strong>&nbsp;ayuda de Naci\u00f3n,<\/strong>&nbsp;empiece la<strong>&nbsp;reconstrucci\u00f3n<\/strong>&nbsp;de Bah\u00eda Blanca, que va a ser lenta&#8221;.<\/p>\n\n\n\n<p>El expresidente dijo en declaraciones a la prensa en la megamuestra del campo, la edici\u00f3n 2025 de Expoagro en San Nicol\u00e1s: \u201cEste problema del cambio clim\u00e1tico vino para quedarse. Hay que poner en valor un<strong>&nbsp;plan de obras hidr\u00e1ulicas&nbsp;<\/strong>en todo el pa\u00eds&#8221;.<\/p>\n\n\n\n<p>Macri destac\u00f3: \u201cHay que poner en marcha esas obras, que&nbsp;<strong>las tiene que hacer el Estado.&nbsp;<\/strong>Est\u00e1 en riesgo la vida diaria de la gente, hay que ponerse a trabajar en serio en todo el pa\u00eds. La mayor\u00eda de los planes est\u00e1n hechos, los estudios est\u00e1n hechos&#8221;.<\/p>\n\n\n\n<p>El expresidente explic\u00f3: \u201cEn el caso de la ciudad de Buenos Aires, el famoso Maldonado hab\u00eda sido dise\u00f1ado 30 a\u00f1os antes. Hay que hacer estas obras, aunque no se vean porque est\u00e1n bajo tierra. A los pol\u00edticos no le gusta hacer obras que despu\u00e9s&nbsp;<strong>no se ven&#8221;.<\/strong><\/p>\n\n\n\n<p>Macri adem\u00e1s le reclam\u00f3 al Presidente que se re\u00fana con el gobernador bonaerense, por la reconstrucci\u00f3n de Bah\u00eda Blanca: \u201cCreo que<strong>&nbsp;no hay m\u00e1s remedio,<\/strong>&nbsp;por m\u00e1s que lo entienda a Milei, que sentarse con Kicillof sea algo no muy agradable. Pero no hay m\u00e1s remedio, Kicillof es el gobernador hoy\u201d.<\/p>\n","protected":false},"excerpt":{"rendered":"<p>El jefe de Gabinete, Guillermo Francos, defendi\u00f3 el ajuste que aplica el Gobierno. El expresidente hab\u00eda reclamado \u201cun plan de obras hidr\u00e1ulicas en todo el pa\u00eds\u201d en medio de la&hellip; <\/p>\n","protected":false},"author":8,"featured_media":195841,"comment_status":"closed","ping_status":"open","sticky":false,"template":"","format":"standard","meta":{"footnotes":""},"categories":[3],"tags":[],"class_list":["post-195840","post","type-post","status-publish","format-standard","has-post-thumbnail","hentry","category-politica"],"_links":{"self":[{"href":"https:\/\/corrientesdetarde.com\/index.php\/wp-json\/wp\/v2\/posts\/195840","targetHints":{"allow":["GET"]}}],"collection":[{"href":"https:\/\/corrientesdetarde.com\/index.php\/wp-json\/wp\/v2\/posts"}],"about":[{"href":"https:\/\/corrientesdetarde.com\/index.php\/wp-json\/wp\/v2\/types\/post"}],"author":[{"embeddable":true,"href":"https:\/\/corrientesdetarde.com\/index.php\/wp-json\/wp\/v2\/users\/8"}],"replies":[{"embeddable":true,"href":"https:\/\/corrientesdetarde.com\/index.php\/wp-json\/wp\/v2\/comments?post=195840"}],"version-history":[{"count":1,"href":"https:\/\/corrientesdetarde.com\/index.php\/wp-json\/wp\/v2\/posts\/195840\/revisions"}],"predecessor-version":[{"id":195842,"href":"https:\/\/corrientesdetarde.com\/index.php\/wp-json\/wp\/v2\/posts\/195840\/revisions\/195842"}],"wp:featuredmedia":[{"embeddable":true,"href":"https:\/\/corrientesdetarde.com\/index.php\/wp-json\/wp\/v2\/media\/195841"}],"wp:attachment":[{"href":"https:\/\/corrientesdetarde.com\/index.php\/wp-json\/wp\/v2\/media?parent=195840"}],"wp:term":[{"taxonomy":"category","embeddable":true,"href":"https:\/\/corrientesdetarde.com\/index.php\/wp-json\/wp\/v2\/categories?post=195840"},{"taxonomy":"post_tag","embeddable":true,"href":"https:\/\/corrientesdetarde.com\/index.php\/wp-json\/wp\/v2\/tags?post=195840"}],"curies":[{"name":"wp","href":"https:\/\/api.w.org\/{rel}","templated":true}]}}