{"id":195846,"date":"2025-03-11T13:33:19","date_gmt":"2025-03-11T16:33:19","guid":{"rendered":"https:\/\/corrientesdetarde.com\/?p=195846"},"modified":"2025-03-11T13:33:23","modified_gmt":"2025-03-11T16:33:23","slug":"donald-trump-sube-al-50-los-aranceles-para-el-acero-y-el-aluminio-de-canada","status":"publish","type":"post","link":"https:\/\/corrientesdetarde.com\/index.php\/internacionales\/donald-trump-sube-al-50-los-aranceles-para-el-acero-y-el-aluminio-de-canada\/","title":{"rendered":"Donald Trump sube al 50% los aranceles para el acero y el aluminio de Canad\u00e1"},"content":{"rendered":"\n<p>El presidente norteamericano decidi\u00f3 que la medida, que duplica el actual sobrecosto, rija desde este mi\u00e9rcoles. Fue en respuesta a un incremento en los precios de la electricidad que importa EE.UU. La r\u00e9plica canadiense.<\/p>\n\n\n\n<p>El presidente de Estados Unidos,\u00a0<strong>Donald Trump<\/strong>, anunci\u00f3 que\u00a0<strong>duplicar\u00e1\u00a0<\/strong>los\u00a0<strong>aranceles al acero y el aluminio de Canad\u00e1,\u00a0<\/strong>que pasar\u00e1n de 25%\u00a0<strong>a 50%<\/strong>, desde\u00a0<strong>este mi\u00e9rcoles 12\u00a0<\/strong>de marzo.<\/p>\n\n\n\n<p>Canad\u00e1&nbsp;<strong>suministra la mitad de las importaciones de aluminio de Estados Unidos y el 20% de las de acero<\/strong>, seg\u00fan la consultora EY-Parthenon.<\/p>\n\n\n\n<p>La amenaza de Trump se da luego de que la provincia canadiense de Ontario&nbsp;<strong>impusiera sobrecostos de 25% por la electricidad que suministra a 1,5 millones de hogares y negocios&nbsp;<\/strong>en los estados de Minnesota, Nueva York y Michigan.<\/p>\n\n\n\n<p>\u201cCon base a que Ontario, Canad\u00e1, ha impuesto un arancel del 25% sobre la \u2018electricidad\u2019 que entra en Estados Unidos, he ordenado a mi secretario de Comercio que A\u00d1ADA UN ARANCEL ADICIONAL DEL 25%, HASTA EL 50%, sobre TODO EL ACERO Y ALUMINIO QUE LLEGUE A ESTADOS UNIDOS DESDE CANAD\u00c1, UNO DE LOS PA\u00cdSES QUE M\u00c1S ARANCELES IMPONE EN TODO EL MUNDO. Esto entrar\u00e1 en vigor MA\u00d1ANA POR LA MA\u00d1ANA, 12 de marzo\u201d, escribi\u00f3 Trump en&nbsp;<em>Truth Social.<\/em><\/p>\n\n\n\n<h2 class=\"wp-block-heading\">Trump amenaz\u00f3 con destruir la industria automotriz canadiense<\/h2>\n\n\n\n<p>Trump tambi\u00e9n amenaz\u00f3 con m\u00e1s aranceles que podr\u00edan<strong>&nbsp;\u201ccerrar permanentemente el negocio de fabricaci\u00f3n de autom\u00f3viles en Canad\u00e1\u201d&nbsp;<\/strong>y volvi\u00f3 a insistir en que \u201d<strong>lo \u00fanico sensato\u201d para Canad\u00e1<\/strong>&nbsp;<strong>es convertirse en el estado 51 de Estados Unidos<\/strong>.<\/p>\n\n\n\n<p>\u201cLa l\u00ednea artificial de separaci\u00f3n trazada hace muchos a\u00f1os desaparecer\u00e1 por fin, y tendremos la naci\u00f3n m\u00e1s segura y hermosa del mundo. Y vuestro brillante himno, \u2018O Canada\u2019, seguir\u00e1 sonando, pero ahora representando a un GRAN Y PODEROSO ESTADO dentro de la mayor naci\u00f3n que el mundo haya visto jam\u00e1s\u201d, a\u00f1adi\u00f3.<\/p>\n\n\n\n<p>Trump ya hab\u00eda anunciado el 4 de marzo aranceles de 25% a las importaciones procedentes de Canad\u00e1 y M\u00e9xico, aunque decidi\u00f3 establecer dos excepciones: una para los bienes y servicios cubiertos por el tratado de libre comercio T-MEC, y otra para el sector automotor de ambos pa\u00edses.<\/p>\n\n\n\n<figure class=\"wp-block-image\"><img decoding=\"async\" src=\"https:\/\/tn.com.ar\/resizer\/v2\/trump-amenazo-con-destruir-la-industria-automotriz-canadiense-muy-vinculada-a-la-de-eeuu-foto-chris-youngthe-canadian-press-via-ap-TRMY2N24WN24UJNQUPRP4LLHOM.jpg?auth=d705a5ec12776b3247a5b720ddd79a431f128bc2a9c3aac0444715b15a255fe4&amp;width=767\" alt=\"trump amenaz\u00f3 con destruir la industria automotriz canadiense, muy vinculada a la de EE.UU. (Foto: Chris Young\/The Canadian Press v\u00eda AP).\"\/><\/figure>\n\n\n\n<p>La decisi\u00f3n de eximir al sector del autom\u00f3vil se produjo&nbsp;<strong>a pedido de los principales fabricantes estadounidenses<\/strong>&nbsp;(General Motors, Ford y Stellantis), que ensamblan veh\u00edculos en M\u00e9xico y Canad\u00e1 y temen verse afectados econ\u00f3micamente, ya que muchos autom\u00f3viles cruzan varias veces la frontera antes de ser finalmente ensamblados.<\/p>\n\n\n\n<p>Para no imponer aranceles al sector automotor, Trump exigi\u00f3 que Canad\u00e1 elimine los aranceles que aplica a productos estadounidenses, y cit\u00f3 especialmente el \u201carancel antiagr\u00edcola contra Estados Unidos de entre el 250% y el 390% sobre diversos productos l\u00e1cteos estadounidenses, considerado desde hace tiempo como escandaloso\u201d.<\/p>\n\n\n\n<p>Es cierto que Canad\u00e1 mantiene aranceles superiores al 200 % sobre productos l\u00e1cteos importados desde Estados Unidos, pero estos altos aranceles solo se aplican una vez que se supera una determinada cuota anual de importaci\u00f3n, acordada previamente por ambos pa\u00edses.<\/p>\n\n\n\n<h2 class=\"wp-block-heading\">Wall Street vuelve a bajar tras el derrumbe del lunes<\/h2>\n\n\n\n<p>La bolsa de Nueva York abri\u00f3 este martes en leve baja, sin lograr recuperarse del fuerte derrumbe del d\u00eda anterior provocado por la posibilidad de una recesi\u00f3n en Estados Unidos debido a la pol\u00edtica comercial de Trump.<\/p>\n\n\n\n<p>En los primeros intercambios, el \u00edndice Dow Jones perd\u00eda 0,14%, el Nasdaq ced\u00eda 0,14% y el ampliado S&amp;P 500 ca\u00eda 0,16%.<\/p>\n\n\n\n<h2 class=\"wp-block-heading\">El futuro primer ministro de Canad\u00e1: \u201cNo podemos permitir que Trump gane\u201d<\/h2>\n\n\n\n<p><strong>\u201cNo podemos permitir que Trump gane\u201d<\/strong>, advirti\u00f3 el domingo&nbsp;<strong>Mark<\/strong>&nbsp;<strong>Carney<\/strong>, nuevo l\u00edder del Partido Liberal canadiense y futuro primer ministro, durante su discurso de victoria en Ottawa.<\/p>\n\n\n\n<figure class=\"wp-block-image\"><img decoding=\"async\" src=\"https:\/\/tn.com.ar\/resizer\/v2\/mark-carney-sonrie-mientras-ofrece-su-discurso-de-victoria-en-ottawa-el-domingo-9-de-marzo-de-2025-foto-apadrian-wyldthe-canadian-press-ZXZ7S4J2VZ7BAFPQEQAUSPJBVQ.jpg?auth=5a43108a8bf9ce5efe064037d4730a1219718ded53a56f6422535f0684ddcf02&amp;width=767\" alt=\" Mark Carney sonr\u00ede mientras ofrece su discurso de victoria en Ottawa, el domingo 9 de marzo de 2025. (foto: AP\/Adrian Wyld\/The Canadian Press).\"\/><\/figure>\n\n\n\n<p>\u201cLos estadounidenses quieren nuestro pa\u00eds\u201d, a\u00f1adi\u00f3 sobre las intenciones de Trump, y plante\u00f3 que Canad\u00e1 debe \u201c<strong>construir una nueva econom\u00eda y crear nuevas relaciones comerciales<\/strong>\u201d.<\/p>\n\n\n\n<h2 class=\"wp-block-heading\">En represalia, Canad\u00e1 vender\u00e1 sus bonos del Tesoro estadounidense<\/h2>\n\n\n\n<p>A modo de represalia,<strong>&nbsp;Canad\u00e1 anunci\u00f3 que vender\u00e1 sus bonos del Tesoro estadounidense,&nbsp;<\/strong>aunque sin precisar el alcance de la medida.<\/p>\n\n\n\n<p>Adem\u00e1s, el lunes el gobierno de Canad\u00e1 anunci\u00f3 su intenci\u00f3n de lanzar un bono global denominado en d\u00f3lares estadounidenses \u201cpara complementar y diversificar las reservas extranjeras l\u00edquidas de Canad\u00e1, que sirven como fuente de liquidez prudencial y ayudan a promover condiciones de mercado ordenadas para el d\u00f3lar canadiense en los mercados de divisas\u201d.<\/p>\n","protected":false},"excerpt":{"rendered":"<p>El presidente norteamericano decidi\u00f3 que la medida, que duplica el actual sobrecosto, rija desde este mi\u00e9rcoles. Fue en respuesta a un incremento en los precios de la electricidad que importa&hellip; <\/p>\n","protected":false},"author":8,"featured_media":195847,"comment_status":"closed","ping_status":"open","sticky":false,"template":"","format":"standard","meta":{"footnotes":""},"categories":[11],"tags":[],"class_list":["post-195846","post","type-post","status-publish","format-standard","has-post-thumbnail","hentry","category-internacionales"],"_links":{"self":[{"href":"https:\/\/corrientesdetarde.com\/index.php\/wp-json\/wp\/v2\/posts\/195846","targetHints":{"allow":["GET"]}}],"collection":[{"href":"https:\/\/corrientesdetarde.com\/index.php\/wp-json\/wp\/v2\/posts"}],"about":[{"href":"https:\/\/corrientesdetarde.com\/index.php\/wp-json\/wp\/v2\/types\/post"}],"author":[{"embeddable":true,"href":"https:\/\/corrientesdetarde.com\/index.php\/wp-json\/wp\/v2\/users\/8"}],"replies":[{"embeddable":true,"href":"https:\/\/corrientesdetarde.com\/index.php\/wp-json\/wp\/v2\/comments?post=195846"}],"version-history":[{"count":1,"href":"https:\/\/corrientesdetarde.com\/index.php\/wp-json\/wp\/v2\/posts\/195846\/revisions"}],"predecessor-version":[{"id":195848,"href":"https:\/\/corrientesdetarde.com\/index.php\/wp-json\/wp\/v2\/posts\/195846\/revisions\/195848"}],"wp:featuredmedia":[{"embeddable":true,"href":"https:\/\/corrientesdetarde.com\/index.php\/wp-json\/wp\/v2\/media\/195847"}],"wp:attachment":[{"href":"https:\/\/corrientesdetarde.com\/index.php\/wp-json\/wp\/v2\/media?parent=195846"}],"wp:term":[{"taxonomy":"category","embeddable":true,"href":"https:\/\/corrientesdetarde.com\/index.php\/wp-json\/wp\/v2\/categories?post=195846"},{"taxonomy":"post_tag","embeddable":true,"href":"https:\/\/corrientesdetarde.com\/index.php\/wp-json\/wp\/v2\/tags?post=195846"}],"curies":[{"name":"wp","href":"https:\/\/api.w.org\/{rel}","templated":true}]}}