{"id":195849,"date":"2025-03-11T13:35:45","date_gmt":"2025-03-11T16:35:45","guid":{"rendered":"https:\/\/corrientesdetarde.com\/?p=195849"},"modified":"2025-03-11T13:35:48","modified_gmt":"2025-03-11T16:35:48","slug":"la-presidenta-de-palmeiras-critico-a-la-conmebol-y-propuso-que-los-clubes-se-unan-a-la-concacaf","status":"publish","type":"post","link":"https:\/\/corrientesdetarde.com\/index.php\/deportes\/la-presidenta-de-palmeiras-critico-a-la-conmebol-y-propuso-que-los-clubes-se-unan-a-la-concacaf\/","title":{"rendered":"La presidenta de Palmeiras critic\u00f3 a la Conmebol y propuso que los clubes se unan a la Concacaf"},"content":{"rendered":"\n<p>Leila Pereira plantea la desafiliaci\u00f3n y cambio de confederaci\u00f3n.<\/p>\n\n\n\n<p>Tras la sanci\u00f3n impuesta a\u00a0<strong>Cerro Porte\u00f1o\u00a0<\/strong>por los\u00a0<strong>actos de racismo<\/strong>\u00a0protagonizados por sus hinchas contra futbolistas de\u00a0<strong>Palmeiras<\/strong>\u00a0en la Copa\u00a0<strong>Copa Libertadores Sub 20<\/strong>, la presidenta del club emiti\u00f3 duras declaraciones en contra de la\u00a0<strong>Conmebol<\/strong>\u00a0y amenaz\u00f3 con la posibilidad de que el club se cambie a la\u00a0<strong>Concacaf<\/strong>.<\/p>\n\n\n\n<p>El episodio ocurrido el pasado 6 de marzo durante el partido Grupo C del certamen internacional, cuando<strong>&nbsp;dos jugadores del&nbsp;<\/strong><em><strong>Verdao<\/strong><\/em><strong>&nbsp;fueron v\u00edctimas de discriminaci\u00f3n<\/strong>, tuvo grandes repercusiones. En las \u00faltimas horas, la m\u00e1xima autoridad del conjunto brasile\u00f1o,<strong>&nbsp;Leila Pereira<\/strong>, se mostr\u00f3&nbsp;<strong>muy disconforme<\/strong>&nbsp;con la sanci\u00f3n impuesta por la Confederaci\u00f3n Sudamericana de F\u00fatbol.<\/p>\n\n\n\n<p>\u201c<strong>Necesitamos tomar medidas firmes<\/strong>\u00a0respecto a Conmebol. Brasil representa el 60% de los ingresos, sin embargo, los clubes brasile\u00f1os son tratados de esta manera\u201d, expres\u00f3 la presidenta, quien luego sugiri\u00f3 la idea de abandonar la confederaci\u00f3n y unirse a la Confederaci\u00f3n de Norteam\u00e9rica, Centroam\u00e9rica y el Caribe de F\u00fatbol. \u201dEstoy proponiendo una idea: dado que Conmebol no puede gestionar los clubes brasile\u00f1os con el respeto que merecen,\u00a0<strong>\u00bfPor qu\u00e9 no considerar alinearnos con Concacaf que nos conviene econ\u00f3micamente?. Dejemos Conmebol y traslad\u00e9monos a Concacaf<\/strong>. Creo que esta es la \u00fanica manera en que respetar\u00e1n el futbol brasile\u00f1o\u201d, declar\u00f3 en di\u00e1logo con Brasil.<\/p>\n\n\n\n<p>Adem\u00e1s, anunci\u00f3 que se reunir\u00e1 con representantes para discutir la propuesta y tomar una decisi\u00f3n. \u201cEs algo en lo que pensar.&nbsp;<strong>Tengo una reuni\u00f3n el mi\u00e9rcoles en la CBF<\/strong>, donde discutir\u00e9 esto con los clubes brasile\u00f1os presentes y con Ednaldo Rodrigues, presidente de la CBF.&nbsp;<strong>Es una semilla a plantar<\/strong>. Financieramente, ser\u00eda sin duda mucho mejor para todos los clubes brasile\u00f1os\u201d, concluy\u00f3.<\/p>\n\n\n\n<figure class=\"wp-block-image\"><img decoding=\"async\" src=\"https:\/\/tn.com.ar\/resizer\/v2\/las-lagrimas-de-luigui-el-delantero-de-18-anos-tras-los-actos-racistas-foto-futbolyprogreso-RDAZOXVJQFDWZII3JXSWU4XG6A.jfif?auth=6d275598f108ec5faf56dd527e0e73b1f6b298fbd14eda8cdfaba3be3c1e85f3&amp;width=767\" alt=\"Las l\u00e1grimas de Luigui, el delantero de 18 a\u00f1os tras los actos racistas. (Foto: @futbolyprogreso)\"\/><\/figure>\n\n\n\n<p>Este domingo se revel\u00f3 la sanci\u00f3n impuesta a Cerro Porte\u00f1o. La Conmebol le aplic\u00f3 una multa de&nbsp;<strong>50.000 d\u00f3lares<\/strong>, que deber\u00e1 abonar en un plazo m\u00e1ximo de 30 d\u00edas. Adem\u00e1s, se le&nbsp;<strong>prohibi\u00f3 el acceso al p\u00fablico<\/strong>&nbsp;en los partidos de la&nbsp;<strong>Copa Libertadores Sub-20<\/strong>&nbsp;y<strong>&nbsp;suspendi\u00f3 por dos partidos<\/strong>&nbsp;al entrenador del equipo,&nbsp;<strong>Daniel Achucarro<\/strong>.<\/p>\n\n\n\n<p>Leila Pereiracalific\u00f3 la pena como insuficiente. \u201c<strong>Por retrasos en el inicio de los partidos hay una multa de 100 mil d\u00f3lares. Por bengalas, son 78 mil d\u00f3lares<\/strong>. Entonces vean c\u00f3mo trata la Conmebol este delito de racismo.<strong>&nbsp;Me pareci\u00f3 vergonzoso.<\/strong>&nbsp;Tanto es as\u00ed que ya hemos enviado una carta a la FIFA pidiendo su intervenci\u00f3n\u201d, justific\u00f3.<\/p>\n\n\n\n<figure class=\"wp-block-image\"><img decoding=\"async\" src=\"https:\/\/tn.com.ar\/resizer\/v2\/la-bandera-que-mostro-palmeiras-foto-palmeiras-IOMYOBZK7BCVBOCHU2XTQ7S6MY.jpg?auth=234911120f7f3f9565e1cab22bb0487270e6d088ff16a59412f471645c1b2ff0&amp;width=767\" alt=\"La bandera que mostr\u00f3 Palmeiras. (Foto: @Palmeiras)\"\/><\/figure>\n\n\n\n<p>Este lunes 10 de marzo, antes del encuentro del primer equipo frente a San Pablo, el&nbsp;<em>Verdao&nbsp;<\/em>mostr\u00f3 una bandera en manifestaci\u00f3n contra de los actos racistas. \u201cCon la presencia de Rincon Sapi\u00eancia, reafirmamos nuestro compromiso: \u00a1no renunciaremos a luchar contra el racismo!\u201d expres\u00f3 el club en sus redes sociales.<\/p>\n\n\n\n<h2 class=\"wp-block-heading\">El comunicado de Palmeiras tras la sanci\u00f3n<\/h2>\n\n\n\n<p>\u201cLa Sociedade Esportiva Palmeiras rechaza vehementemente las sanciones extremadamente leves aplicadas por la CONMEBOL a Cerro Porte\u00f1o-PAR debido a las agresiones racistas sufridas por nuestros atletas en un partido disputado por la Copa Libertadores Sub-20, el jueves (6), en Asunci\u00f3n, Paraguay.<\/p>\n\n\n\n<p>Con excepci\u00f3n de la medida educativa adoptada (campa\u00f1a antirracista en las redes sociales del club infractor), se trata de sanciones ineficaces dada la gravedad de los hechos ocurridos y, por tanto, insuficientes para combatir los reiterados casos de discriminaci\u00f3n racial en el f\u00fatbol sudamericano. Las sanciones a Cerro Porte\u00f1o, en lugar de servir al prop\u00f3sito de frenar un grav\u00edsimo problema, en la pr\u00e1ctica demuestran la connivencia de las entidades con un delito que se viene repitiendo incesantemente, as\u00ed como el fracaso de un sistema penal incapaz de castigar con el rigor necesario los delitos de racismo cometidos en la cancha y en las gradas.<\/p>\n\n\n\n<p>Palmeiras reitera que contactar\u00e1 a las m\u00e1ximas instancias del f\u00fatbol mundial y llevar\u00e1 el incidente a las m\u00e1s altas instancias para que el f\u00fatbol sudamericano pueda finalmente convertirse en un ambiente con tolerancia cero al racismo. \u00a1Las l\u00e1grimas del delantero Luighi no ser\u00e1n en vano!\u201d.<\/p>\n","protected":false},"excerpt":{"rendered":"<p>Leila Pereira plantea la desafiliaci\u00f3n y cambio de confederaci\u00f3n. Tras la sanci\u00f3n impuesta a\u00a0Cerro Porte\u00f1o\u00a0por los\u00a0actos de racismo\u00a0protagonizados por sus hinchas contra futbolistas de\u00a0Palmeiras\u00a0en la Copa\u00a0Copa Libertadores Sub 20, la&hellip; <\/p>\n","protected":false},"author":8,"featured_media":195850,"comment_status":"closed","ping_status":"open","sticky":false,"template":"","format":"standard","meta":{"footnotes":""},"categories":[4],"tags":[],"class_list":["post-195849","post","type-post","status-publish","format-standard","has-post-thumbnail","hentry","category-deportes"],"_links":{"self":[{"href":"https:\/\/corrientesdetarde.com\/index.php\/wp-json\/wp\/v2\/posts\/195849","targetHints":{"allow":["GET"]}}],"collection":[{"href":"https:\/\/corrientesdetarde.com\/index.php\/wp-json\/wp\/v2\/posts"}],"about":[{"href":"https:\/\/corrientesdetarde.com\/index.php\/wp-json\/wp\/v2\/types\/post"}],"author":[{"embeddable":true,"href":"https:\/\/corrientesdetarde.com\/index.php\/wp-json\/wp\/v2\/users\/8"}],"replies":[{"embeddable":true,"href":"https:\/\/corrientesdetarde.com\/index.php\/wp-json\/wp\/v2\/comments?post=195849"}],"version-history":[{"count":1,"href":"https:\/\/corrientesdetarde.com\/index.php\/wp-json\/wp\/v2\/posts\/195849\/revisions"}],"predecessor-version":[{"id":195851,"href":"https:\/\/corrientesdetarde.com\/index.php\/wp-json\/wp\/v2\/posts\/195849\/revisions\/195851"}],"wp:featuredmedia":[{"embeddable":true,"href":"https:\/\/corrientesdetarde.com\/index.php\/wp-json\/wp\/v2\/media\/195850"}],"wp:attachment":[{"href":"https:\/\/corrientesdetarde.com\/index.php\/wp-json\/wp\/v2\/media?parent=195849"}],"wp:term":[{"taxonomy":"category","embeddable":true,"href":"https:\/\/corrientesdetarde.com\/index.php\/wp-json\/wp\/v2\/categories?post=195849"},{"taxonomy":"post_tag","embeddable":true,"href":"https:\/\/corrientesdetarde.com\/index.php\/wp-json\/wp\/v2\/tags?post=195849"}],"curies":[{"name":"wp","href":"https:\/\/api.w.org\/{rel}","templated":true}]}}