{"id":195906,"date":"2025-03-11T16:27:40","date_gmt":"2025-03-11T19:27:40","guid":{"rendered":"https:\/\/corrientesdetarde.com\/?p=195906"},"modified":"2025-03-11T16:27:45","modified_gmt":"2025-03-11T19:27:45","slug":"salud-publica-inicio-consultas-medicas-ginecologicas-y-obstetricas-en-el-pelletier","status":"publish","type":"post","link":"https:\/\/corrientesdetarde.com\/index.php\/bienestar-y-salud\/salud-publica-inicio-consultas-medicas-ginecologicas-y-obstetricas-en-el-pelletier\/","title":{"rendered":"Salud P\u00fablica inici\u00f3 consultas m\u00e9dicas ginecol\u00f3gicas y obst\u00e9tricas en el Pelletier"},"content":{"rendered":"\n<p><em>En el marco de un proyecto que se llevar\u00e1 de manera semanal y durante todo el a\u00f1o, este martes colocaron PADS mamarios a internas. M\u00e1s de 35 mujeres realizaron el control que busca detectar lesiones que en el futuro pueden ser C\u00e1ncer de Mama.<\/em><\/p>\n\n\n\n<p>El Ministerio de Salud P\u00fablica, a cargo de Ricardo Cardozo, realizar\u00e1 durante todo el a\u00f1o consultas m\u00e9dicas y ginecol\u00f3gicas y obst\u00e9tricas a las internas del Instituto Pelletier. Est\u00e1 programado realizar actividades una vez por semana y, este martes, se inici\u00f3 el trabajo con la colocaci\u00f3n de PADS mamarios.&nbsp;<br>Esta actividad est\u00e1 dentro de un programa de atenci\u00f3n a mujeres en contexto de encierro organizado por la Red de C\u00e1ncer de Mama y la Direcci\u00f3n de Obstetricia. El proyecto present\u00f3 este Ministerio al Comit\u00e9 de Tortura y el Servicio Penitenciario para trabajar durante todo el 2025.&nbsp;<br>En este sentido, cabe indicar que marzo, fue declarado de inter\u00e9s por la cartera sanitaria como el Mes de Concientizaci\u00f3n del Cuidado de la Salud de la Mujer.&nbsp;<br>\u201cEn el 2023 ya estuvimos trabajando en este lugar con el control mamario. A partir de este a\u00f1o, haremos control de salud integral todas las semanas con un equipo conformado con la Direcci\u00f3n de Obstetricia, Residencia de Medicina Familiar del Hospital Escuela y la Red de C\u00e1ncer de Mama. En conjunto, hemos ideado actividades bajo el programa para mujeres en contexto de encierro. Hoy, comenzamos a trabajar con la colocaci\u00f3n de parches para iniciar el abordaje integral en la salud mamaria\u201d, dijo la referente de la Red de C\u00e1ncer de Mama en la Provincia,&nbsp;<strong>Karina Maidana<\/strong>.<br>Si bien coment\u00f3 que tienen atenciones m\u00e9dicas, se\u00f1al\u00f3 que con estas acciones se realizar\u00e1 un control de la salud ginecol\u00f3gica de forma m\u00e1s habitual. En cuento a la respuesta de las internas, cont\u00f3 que \u201chay conciencia de la importancia de los controles, algunas necesitan m\u00e1s de uno y nosotras vamos a estar ac\u00e1 atendiendo estas situaciones\u201d.&nbsp;<br>\u201cEl parche mamario busca lesiones que en un futuro puede ser c\u00e1ncer, no busca el diagn\u00f3stico de C\u00e1ncer de Mama\u201d, precis\u00f3.&nbsp;<br>Por su parte,&nbsp;<strong>Vanesa Aymerich<\/strong>, directora de Obstetricia del Ministerio de Salud P\u00fablica, coment\u00f3 que tambi\u00e9n \u201ctenemos programado trabajar sobre prevenci\u00f3n de C\u00e1ncer de Cuello Uterino, por eso se realizar\u00e1n pruebas de Papanicolaou, consejer\u00eda en anticoncepci\u00f3n, colocaci\u00f3n de implantes subd\u00e9rmicos y otros m\u00e9todos\u201d. Agreg\u00f3 que \u201chay embarazadas, por ello tambi\u00e9n se har\u00e1 control prenatal\u201d.&nbsp;<br>\u201cAcercamos atenciones a mujeres que no pueden acceder libremente al sistema de salud. La salud va a ellas. Nosotras ya trabajamos ac\u00e1 en el 2023 y vinimos en otras oportunidades m\u00e1s. La comunicaci\u00f3n es muy fluida, ellas pueden sacarse todos los miedos y evacuar dudas. Es muy importante que el Estado pueda dar estas opciones\u201d, expres\u00f3 Aymerich.&nbsp;<br>A la vez,&nbsp;<strong>Estela Ver\u00f3n<\/strong>, alcaide principal y directora de la Unidad Penal, indic\u00f3 que hay 41 internas alojadas, entre condenadas y procesadas, de las que 37 dieron el consentimiento de forma voluntaria para realizarse estos controles sanitarios.&nbsp;<br>\u201cEl Comit\u00e9 de Tortura con Salud P\u00fablica y personal de sanidad de la Jefatura, tuvo una reuni\u00f3n previa sobre las necesidades que estamos teniendo. En base a ello, surge esta actividad. Tenemos un \u00e1rea sanitaria, pero muchas veces deben realizarse atenciones en hospitales y eso implica un traslado y log\u00edstica importante. Con esto, nos est\u00e1n dando muchas facilidades. No es la primera vez que vienen, ya trabajamos con otros programas de Salud\u201d, cont\u00f3 Ver\u00f3n.&nbsp;<br>En este contexto, dijo que \u201cse sienten muy bien cuando vienen, adem\u00e1s es un grupo grande de profesionales el que se acerca a hacer las atenciones\u201d y aclar\u00f3 que \u201cpara ellas, es optativo, voluntario, le proponemos y ellas dan el consentimiento\u201d. Las internas, la mayor\u00eda tiene un promedio de 45 a\u00f1os.<\/p>\n\n\n\n<figure class=\"wp-block-image size-large\"><img loading=\"lazy\" decoding=\"async\" width=\"1024\" height=\"683\" src=\"https:\/\/corrientesdetarde.com\/wp-content\/uploads\/2025\/03\/image-370-1024x683.png\" alt=\"\" class=\"wp-image-195908\" srcset=\"https:\/\/corrientesdetarde.com\/wp-content\/uploads\/2025\/03\/image-370-1024x683.png 1024w, https:\/\/corrientesdetarde.com\/wp-content\/uploads\/2025\/03\/image-370-300x200.png 300w, https:\/\/corrientesdetarde.com\/wp-content\/uploads\/2025\/03\/image-370-768x512.png 768w, https:\/\/corrientesdetarde.com\/wp-content\/uploads\/2025\/03\/image-370-1536x1024.png 1536w, https:\/\/corrientesdetarde.com\/wp-content\/uploads\/2025\/03\/image-370.png 1620w\" sizes=\"auto, (max-width: 1024px) 100vw, 1024px\" \/><\/figure>\n\n\n\n<figure class=\"wp-block-image size-large\"><img loading=\"lazy\" decoding=\"async\" width=\"1024\" height=\"683\" src=\"https:\/\/corrientesdetarde.com\/wp-content\/uploads\/2025\/03\/image-371-1024x683.png\" alt=\"\" class=\"wp-image-195909\" srcset=\"https:\/\/corrientesdetarde.com\/wp-content\/uploads\/2025\/03\/image-371-1024x683.png 1024w, https:\/\/corrientesdetarde.com\/wp-content\/uploads\/2025\/03\/image-371-300x200.png 300w, https:\/\/corrientesdetarde.com\/wp-content\/uploads\/2025\/03\/image-371-768x512.png 768w, https:\/\/corrientesdetarde.com\/wp-content\/uploads\/2025\/03\/image-371-1536x1024.png 1536w, https:\/\/corrientesdetarde.com\/wp-content\/uploads\/2025\/03\/image-371.png 1620w\" sizes=\"auto, (max-width: 1024px) 100vw, 1024px\" \/><\/figure>\n","protected":false},"excerpt":{"rendered":"<p>En el marco de un proyecto que se llevar\u00e1 de manera semanal y durante todo el a\u00f1o, este martes colocaron PADS mamarios a internas. M\u00e1s de 35 mujeres realizaron el&hellip; <\/p>\n","protected":false},"author":8,"featured_media":195907,"comment_status":"closed","ping_status":"open","sticky":false,"template":"","format":"standard","meta":{"footnotes":""},"categories":[16],"tags":[],"class_list":["post-195906","post","type-post","status-publish","format-standard","has-post-thumbnail","hentry","category-bienestar-y-salud"],"_links":{"self":[{"href":"https:\/\/corrientesdetarde.com\/index.php\/wp-json\/wp\/v2\/posts\/195906","targetHints":{"allow":["GET"]}}],"collection":[{"href":"https:\/\/corrientesdetarde.com\/index.php\/wp-json\/wp\/v2\/posts"}],"about":[{"href":"https:\/\/corrientesdetarde.com\/index.php\/wp-json\/wp\/v2\/types\/post"}],"author":[{"embeddable":true,"href":"https:\/\/corrientesdetarde.com\/index.php\/wp-json\/wp\/v2\/users\/8"}],"replies":[{"embeddable":true,"href":"https:\/\/corrientesdetarde.com\/index.php\/wp-json\/wp\/v2\/comments?post=195906"}],"version-history":[{"count":1,"href":"https:\/\/corrientesdetarde.com\/index.php\/wp-json\/wp\/v2\/posts\/195906\/revisions"}],"predecessor-version":[{"id":195910,"href":"https:\/\/corrientesdetarde.com\/index.php\/wp-json\/wp\/v2\/posts\/195906\/revisions\/195910"}],"wp:featuredmedia":[{"embeddable":true,"href":"https:\/\/corrientesdetarde.com\/index.php\/wp-json\/wp\/v2\/media\/195907"}],"wp:attachment":[{"href":"https:\/\/corrientesdetarde.com\/index.php\/wp-json\/wp\/v2\/media?parent=195906"}],"wp:term":[{"taxonomy":"category","embeddable":true,"href":"https:\/\/corrientesdetarde.com\/index.php\/wp-json\/wp\/v2\/categories?post=195906"},{"taxonomy":"post_tag","embeddable":true,"href":"https:\/\/corrientesdetarde.com\/index.php\/wp-json\/wp\/v2\/tags?post=195906"}],"curies":[{"name":"wp","href":"https:\/\/api.w.org\/{rel}","templated":true}]}}