{"id":195911,"date":"2025-03-11T16:29:53","date_gmt":"2025-03-11T19:29:53","guid":{"rendered":"https:\/\/corrientesdetarde.com\/?p=195911"},"modified":"2025-03-11T16:29:56","modified_gmt":"2025-03-11T19:29:56","slug":"el-vera-itinerante-llega-a-bella-vista-este-15-y-16-de-marzo-con-capacitaciones-gratuitas","status":"publish","type":"post","link":"https:\/\/corrientesdetarde.com\/index.php\/cultura\/el-vera-itinerante-llega-a-bella-vista-este-15-y-16-de-marzo-con-capacitaciones-gratuitas\/","title":{"rendered":"El Vera Itinerante llega a Bella Vista este 15 y 16 de marzo con capacitaciones gratuitas"},"content":{"rendered":"\n<p>Dependiente del Instituto de Cultura y con el apoyo del Gobierno de la Provincia de Corrientes, el Teatro Oficial Juan de Vera dar\u00e1 inicio al programa \u201cEl Vera Itinerante\u201d en Bella Vista el s\u00e1bado 15 y domingo 16, con talleres a cargo de Antonella Albertosi, Gabriela Ceballos Bertero y Marcelo P\u00e9ndola, todas de car\u00e1cter libre y gratuito, con inscripci\u00f3n previa<\/p>\n\n\n\n<p>Con el objetivo de identificar, reconocer y brindar herramientas para la profesionalizaci\u00f3n de quienes se desempe\u00f1an en el \u00e1mbito de la cultura, la primera parada del programa \u201cEl Vera Itinerante\u201d se concretar\u00e1 mediante la articulaci\u00f3n desde la Direcci\u00f3n del Teatro Vera, en la persona de Lourdes S\u00e1nchez, con la actual intendente de Bella Vista, Noelia Bazzi y el director de Cultura de Bella Vista, Gabriel Mazzoleni. De marzo a agosto, \u201cEl Vera Itinerante\u201d recorrer\u00e1 Bella Vista, Goya, Ituzaing\u00f3, Monte Caseros, Curuz\u00fa Cuatia y Santo Tom\u00e9.<\/p>\n\n\n\n<p><strong>Capacitaciones<\/strong><\/p>\n\n\n\n<p>Las actividades de capacitaci\u00f3n son de acceso gratuito y con inscripci\u00f3n previa, se entregar\u00e1n certificados. Las personas interesadas en participar deber\u00e1n inscribirse previamente enviando un correo electr\u00f3nico a&nbsp;<a href=\"mailto:capacitaciones@teatrovera.com\" target=\"_blank\" rel=\"noreferrer noopener\">capacitaciones@teatrovera.com<\/a>, indicando en Asunto, el nombre del taller, y en el mail, sus datos personales: Nombre, apellido y DNI.<\/p>\n\n\n\n<p><strong>Seminario de danza contempor\u00e1nea<\/strong><\/p>\n\n\n\n<p>Entrenamiento, t\u00e9cnica, composici\u00f3n instant\u00e1nea. Con abordaje en movimientos t\u00e9cnicos del lenguaje contempor\u00e1neo secuenciados en coreograf\u00edas y exploraci\u00f3n sobre recursos compositivos para la improvisaci\u00f3n. Ser\u00e1 dictado por Antonella Albertosi el s\u00e1bado 15 desde las 17 hs y el domingo 16 desde las 9 hs en la Casa de la Cultura \u201cPedro Mendoza\u201d, Salta 880, dirigido a j\u00f3venes y adolescentes con conocimientos en danza.<\/p>\n\n\n\n<p><strong>Laboratorio de improvisaci\u00f3n en danza<\/strong><\/p>\n\n\n\n<p>Un laboratorio de danza que invita a la exploraci\u00f3n del movimiento en contexto grupal. A trav\u00e9s de propuestas din\u00e1micas se proponen nuevos caminos para el despliegue de la propia danza, tomando en cuenta al cuerpo como territorio de experimentaci\u00f3n. Improvisaciones guiadas ser\u00e1n apoyo para bucear en el imaginario y el movimiento expresivo de cada&nbsp; asistente. Composiciones instant\u00e1neas contextualizar\u00e1n la danza en un entramado colectivo<\/p>\n\n\n\n<p>Tambi\u00e9n dictado por Antonella Albertosi, tendr\u00e1 lugar el s\u00e1bado 15 de marzo desde las 20 hs en la Casa de la Cultura \u201cPedro Mendoza\u201d, Salta 880, dirigido a j\u00f3venes y adultos. No es necesario poseer conocimientos en danza. Sin l\u00edmite de edad. Todos los niveles<\/p>\n\n\n\n<p><strong>Sobre Antonella Albertosi<\/strong><\/p>\n\n\n\n<p>Artista, bailarina, docente, investigadora profesora en Educaci\u00f3n Inicial. Egres\u00f3 de la Formaci\u00f3n de Artistas Contempor\u00e1neos para la Escena de Buenos Aires (FACE-UNTREF) dirigida por Ines Armas, Victoria Viberti y Fagner Pavan. Curs\u00f3 la Licenciatura en Composici\u00f3n Coreogr\u00e1fica con menci\u00f3n en Danza en la Universidad Nacional de Artes (UNA) y el Profesorado de Danzas con orientaci\u00f3n en Danza Contempor\u00e1nea (ISP Danzas \u201cIsabel Taboga&#8221;).<\/p>\n\n\n\n<p>Ha participado como int\u00e9rprete creadora en la obra &#8220;Los Sue\u00f1os Fotomontajes Esc\u00e9nicos&#8221; dirigida por Virginia Tuttolomondo, formando formado parte de la Compa\u00f1\u00eda Rosarina de Danza Contempor\u00e1nea, bajo la direcci\u00f3n de Le\u00f3n Ruiz. En 2024 estren\u00f3 su obra: &#8220;Tambi\u00e9n Respiran &#8211; Ecofeminismo Perform\u00e1tico&#8221;, inspirada en una novela de Selva Almada.<\/p>\n\n\n\n<p>Actualmente se desarrolla como Instructora de Hatha Yoga con de Yoga Alliance International, y coordina talleres de danza contempor\u00e1nea e improvisaci\u00f3n, y de cruce de lenguajes art\u00edsticos, en Corrientes. Se forma en diversas \u00e1reas art\u00edsticas, interesada en desarrollarse como artista multidisciplinar. Estudia composici\u00f3n esc\u00e9nica, movimiento som\u00e1tico y nuevas pedagog\u00edas, con docentes de Argentina y del exterior.<\/p>\n\n\n\n<p><strong>T\u00e9cnica de Samba<\/strong><\/p>\n\n\n\n<p>Se abordar\u00e1 la postura correcta del cuerpo, explicando el movimiento de base para samba, ejercicios de velocidad y combinaciones propias de \u201csamba no pe\u201d, adem\u00e1s de desplazamientos para carnaval. Dictado por Gabriela Ceballos Bertero, tendr\u00e1 lugar el s\u00e1bado 15 de marzo desde las 10 hs. en la Casa de la Cultura \u201cPedro Mendoza\u201d, Salta 880,&nbsp; destinado a todo p\u00fablico.<\/p>\n\n\n\n<p><strong>Sobre Gabriela Ceballos Bertero<\/strong><\/p>\n\n\n\n<p>Profesora de samba y creadora del profesorado de samba de International Sambawings. Bailarina internacional y musa en el carnaval de R\u00edo de Janeiro. Directora del ala de passistas internacional de \u201cGres Unidos do Porto da Pedra, tambi\u00e9n se desempe\u00f1a como core\u00f3grafa de la comparsa Sapucay.<\/p>\n\n\n\n<p><strong>Taller de estructuras para carnaval<\/strong><\/p>\n\n\n\n<p>El curso se desarrollar\u00e1 desde la base de un dise\u00f1o, armado de las estructuras, forrado y decorados con muestras de lo \u00faltimo realizado para el carnaval correntino. A ser dictado por Marcelo P\u00e9ndola el s\u00e1bado 15 de marzo desde las 18 hs y el domingo 16 desde las 9 hs. en Sarah, Padre Kloster 1021, dirigido a trabajadores del arte afines al carnaval.<\/p>\n\n\n\n<p><strong>Sobre Marcelo P\u00e9ndola<\/strong><\/p>\n\n\n\n<p>Artista, oriundo de Bella Vista, empez\u00f3 su carrera como dise\u00f1ador a los 20 a\u00f1os trabajando para la comparsa \u201cAymar\u00e1\u201d y al a\u00f1o siguiente para la comparsa \u201cIrup\u00e9\u201d, a\u00f1o en que desarrolla un sistema nuevo para realizar tocados m\u00e1s livianos y m\u00e1s seguros. Posteriormente empieza su carrera en la capital correntina, donde obtiene numerosos premios y reconocimientos, transformando el carnaval en artesanal y de vanguardia.<\/p>\n\n\n\n<p>Se destaca por ser precursor en el uso de materiales y t\u00e9cnicas innovadoras convirti\u00e9ndose en est\u00e1ndares del Carnaval. Ya en 2002 se radica en Buenos Aires, instalando su atelier desde donde con su equipo trabaja como dise\u00f1ador y realizador para espect\u00e1culos de revista, carnavales, bailarinas \u00e1rabes, producciones televisivas y fotogr\u00e1ficas.<\/p>\n\n\n\n<figure class=\"wp-block-image size-full\"><img loading=\"lazy\" decoding=\"async\" width=\"975\" height=\"698\" src=\"https:\/\/corrientesdetarde.com\/wp-content\/uploads\/2025\/03\/image-372.png\" alt=\"\" class=\"wp-image-195912\" srcset=\"https:\/\/corrientesdetarde.com\/wp-content\/uploads\/2025\/03\/image-372.png 975w, https:\/\/corrientesdetarde.com\/wp-content\/uploads\/2025\/03\/image-372-300x215.png 300w, https:\/\/corrientesdetarde.com\/wp-content\/uploads\/2025\/03\/image-372-768x550.png 768w\" sizes=\"auto, (max-width: 975px) 100vw, 975px\" \/><\/figure>\n\n\n\n<figure class=\"wp-block-image size-large\"><img loading=\"lazy\" decoding=\"async\" width=\"1024\" height=\"682\" src=\"https:\/\/corrientesdetarde.com\/wp-content\/uploads\/2025\/03\/image-373-1024x682.png\" alt=\"\" class=\"wp-image-195913\" srcset=\"https:\/\/corrientesdetarde.com\/wp-content\/uploads\/2025\/03\/image-373-1024x682.png 1024w, https:\/\/corrientesdetarde.com\/wp-content\/uploads\/2025\/03\/image-373-300x200.png 300w, https:\/\/corrientesdetarde.com\/wp-content\/uploads\/2025\/03\/image-373-768x512.png 768w, https:\/\/corrientesdetarde.com\/wp-content\/uploads\/2025\/03\/image-373-1536x1023.png 1536w, https:\/\/corrientesdetarde.com\/wp-content\/uploads\/2025\/03\/image-373.png 1600w\" sizes=\"auto, (max-width: 1024px) 100vw, 1024px\" \/><\/figure>\n\n\n\n<figure class=\"wp-block-image size-full\"><img loading=\"lazy\" decoding=\"async\" width=\"683\" height=\"853\" src=\"https:\/\/corrientesdetarde.com\/wp-content\/uploads\/2025\/03\/image-374.png\" alt=\"\" class=\"wp-image-195914\" srcset=\"https:\/\/corrientesdetarde.com\/wp-content\/uploads\/2025\/03\/image-374.png 683w, https:\/\/corrientesdetarde.com\/wp-content\/uploads\/2025\/03\/image-374-240x300.png 240w\" sizes=\"auto, (max-width: 683px) 100vw, 683px\" \/><\/figure>\n\n\n\n<figure class=\"wp-block-image size-large\"><img loading=\"lazy\" decoding=\"async\" width=\"1024\" height=\"1024\" src=\"https:\/\/corrientesdetarde.com\/wp-content\/uploads\/2025\/03\/image-375-1024x1024.png\" alt=\"\" class=\"wp-image-195915\" srcset=\"https:\/\/corrientesdetarde.com\/wp-content\/uploads\/2025\/03\/image-375-1024x1024.png 1024w, https:\/\/corrientesdetarde.com\/wp-content\/uploads\/2025\/03\/image-375-300x300.png 300w, https:\/\/corrientesdetarde.com\/wp-content\/uploads\/2025\/03\/image-375-150x150.png 150w, https:\/\/corrientesdetarde.com\/wp-content\/uploads\/2025\/03\/image-375-768x767.png 768w, https:\/\/corrientesdetarde.com\/wp-content\/uploads\/2025\/03\/image-375.png 1440w\" sizes=\"auto, (max-width: 1024px) 100vw, 1024px\" \/><\/figure>\n","protected":false},"excerpt":{"rendered":"<p>Dependiente del Instituto de Cultura y con el apoyo del Gobierno de la Provincia de Corrientes, el Teatro Oficial Juan de Vera dar\u00e1 inicio al programa \u201cEl Vera Itinerante\u201d en&hellip; <\/p>\n","protected":false},"author":8,"featured_media":195912,"comment_status":"closed","ping_status":"open","sticky":false,"template":"","format":"standard","meta":{"footnotes":""},"categories":[15],"tags":[],"class_list":["post-195911","post","type-post","status-publish","format-standard","has-post-thumbnail","hentry","category-cultura"],"_links":{"self":[{"href":"https:\/\/corrientesdetarde.com\/index.php\/wp-json\/wp\/v2\/posts\/195911","targetHints":{"allow":["GET"]}}],"collection":[{"href":"https:\/\/corrientesdetarde.com\/index.php\/wp-json\/wp\/v2\/posts"}],"about":[{"href":"https:\/\/corrientesdetarde.com\/index.php\/wp-json\/wp\/v2\/types\/post"}],"author":[{"embeddable":true,"href":"https:\/\/corrientesdetarde.com\/index.php\/wp-json\/wp\/v2\/users\/8"}],"replies":[{"embeddable":true,"href":"https:\/\/corrientesdetarde.com\/index.php\/wp-json\/wp\/v2\/comments?post=195911"}],"version-history":[{"count":1,"href":"https:\/\/corrientesdetarde.com\/index.php\/wp-json\/wp\/v2\/posts\/195911\/revisions"}],"predecessor-version":[{"id":195916,"href":"https:\/\/corrientesdetarde.com\/index.php\/wp-json\/wp\/v2\/posts\/195911\/revisions\/195916"}],"wp:featuredmedia":[{"embeddable":true,"href":"https:\/\/corrientesdetarde.com\/index.php\/wp-json\/wp\/v2\/media\/195912"}],"wp:attachment":[{"href":"https:\/\/corrientesdetarde.com\/index.php\/wp-json\/wp\/v2\/media?parent=195911"}],"wp:term":[{"taxonomy":"category","embeddable":true,"href":"https:\/\/corrientesdetarde.com\/index.php\/wp-json\/wp\/v2\/categories?post=195911"},{"taxonomy":"post_tag","embeddable":true,"href":"https:\/\/corrientesdetarde.com\/index.php\/wp-json\/wp\/v2\/tags?post=195911"}],"curies":[{"name":"wp","href":"https:\/\/api.w.org\/{rel}","templated":true}]}}