{"id":195920,"date":"2025-03-11T16:34:43","date_gmt":"2025-03-11T19:34:43","guid":{"rendered":"https:\/\/corrientesdetarde.com\/?p=195920"},"modified":"2025-03-11T16:34:47","modified_gmt":"2025-03-11T19:34:47","slug":"en-ituzaingo-cardozo-verifico-el-avance-de-la-uti-y-entrego-anteojos","status":"publish","type":"post","link":"https:\/\/corrientesdetarde.com\/index.php\/bienestar-y-salud\/en-ituzaingo-cardozo-verifico-el-avance-de-la-uti-y-entrego-anteojos\/","title":{"rendered":"En Ituzaing\u00f3, Cardozo verific\u00f3 el avance de la UTI y entreg\u00f3 anteojos"},"content":{"rendered":"\n<p>Se trata del plan de obras impulsadas por el gobernador Gustavo Vald\u00e9s en esta instituci\u00f3n. Tambi\u00e9n se entregaron anteojos en el marco de los operativos sanitarios coordinados por la Subsecretaria de Atenci\u00f3n Primaria de la Salud.<\/p>\n\n\n\n<p>El ministro de Salud P\u00fablica de la Provincia, Ricardo Cardozo, se traslad\u00f3 hoy hasta la ciudad de Ituzaing\u00f3. All\u00ed, verific\u00f3 el avance de la obra de la Unidad de Terapia Intensiva que se realiza en el hospital Dr. Ricardo Billinghurst.<\/p>\n\n\n\n<p>Durante la visita a la localidad, el Ministro tambi\u00e9n se reuni\u00f3 con el intendente Juan Pablo Vald\u00e9s, el viceintendente Emilio Nicol\u00e1s y el director asociado del hospital Martin Abecasis, quienes conversaron sobre el funcionamiento del hospital y de las salas, para continuar potenciando el sistema sanitario.&nbsp;<\/p>\n\n\n\n<p>Por el Ministerio de Salud P\u00fablica acompa\u00f1aron la subsecretaria de Atenci\u00f3n Primaria de la Salud, Alicia Pereira; la directora de Capital Humano, Teresita Dom\u00ednguez; el asesor legal de dicha \u00e1rea, Adri\u00e1n Garc\u00eda; el director general de Gesti\u00f3n Hospitalaria, Mario Rodr\u00edguez y la coordinadora de Promotores de la Salud, Natalia Cardozo.<\/p>\n\n\n\n<p>\u201cRecorrimos la obra del hospital Billinghurst que comprende a la Unidad de Terapia Intensiva, la cual pr\u00f3ximamente estar\u00e1 completamente concluida y completamente equipada\u201d, precis\u00f3 el Ministro Ricardo Cardozo.&nbsp;<\/p>\n\n\n\n<p>Asimismo, destac\u00f3 las refacciones y ampliaciones que ya se realizaron en la instituci\u00f3n \u201ccomo el \u00e1rea de Shockroom, sectores de Obstetricia y Quir\u00f3fanos, Internaci\u00f3n y la fachada externa del hospital. Todas estas obras son impulsadas por el gobernador Gustavo Vald\u00e9s para beneficiar al personal, pero principalmente a la comunidad\u201d.<\/p>\n\n\n\n<p>En agosto del a\u00f1o pasado, quedaron inauguradas obras en el \u00e1rea de Obstetricia y sector Quir\u00fargico. Entre las instalaciones, se encuentran la sala de dilataci\u00f3n, enfermer\u00eda, sala de m\u00e9dicos, sala de reci\u00e9n nacidos, sala de parto, sanitarios, y dos quir\u00f3fanos completamente equipados con tecnolog\u00eda de alta calidad.&nbsp;<\/p>\n\n\n\n<p>En el 2023 se hicieron mejoras en el \u00e1rea de Shockroom est\u00e1 destinada a brindar la atenci\u00f3n avanzada de todo paciente con inestabilidad fisiol\u00f3gica que ponga en riesgo su vida o que se encuentre en paro respiratorio y\/o cardiorrespiratorio. Cuenta con una enfermer\u00eda que sirve al sector. Dentro de la Emergencia se encuentran \u00e1reas de Recepci\u00f3n y Espera, Sala de Triage, consultorios y habitaci\u00f3n de m\u00e9dicos. Todos \u00e9stos con mobiliario nuevo y refacci\u00f3n integral de sanitarios.<\/p>\n\n\n\n<p><strong>Entrega de anteojos&nbsp;<\/strong><\/p>\n\n\n\n<p>En la oportunidad se entregaron 50 anteojos en el marco de los operativos sanitarios coordinados por la Subsecretaria de Atenci\u00f3n Primaria de la Salud.&nbsp;<\/p>\n\n\n\n<p>\u201cEstamos cumpliendo esta tarea que es un derecho de ustedes, pero adem\u00e1s es nuestra obligaci\u00f3n. Es de destacar el acceso a la salud y la presencia del Gobierno provincial dando respuesta a la comunidad\u201d, finaliz\u00f3 el ministro Ricardo Cardozo.&nbsp;<\/p>\n\n\n\n<p><strong>Hospital regional<\/strong><\/p>\n\n\n\n<p>Cabe recordar que a trav\u00e9s del Decreto N\u00b0 578, firmado por el gobernador Gustavo Vald\u00e9s, se estableci\u00f3 la reorganizaci\u00f3n de la provincia con la redistribuci\u00f3n de las zonas y la creaci\u00f3n de las Regiones Sanitarias N\u00ba 6 y 7. Esto se concret\u00f3 luego de un arduo trabajo de planificaci\u00f3n y acciones de la gesti\u00f3n actual, coordinada por el ministro Ricardo Cardozo.&nbsp;<\/p>\n\n\n\n<p>En su art\u00edculo primero, la reglamentaci\u00f3n indica que se incorpora a la Regi\u00f3n Sanitaria 6 hospital Regional \u201cSan Jos\u00e9\u201d de Paso de los Libres y, a la Regi\u00f3n Sanitaria 7, el hospital Regional \u201cDr. Ricardo Billinghurst\u201d de Ituzaing\u00f3. As\u00ed queda conformada la Regionalizaci\u00f3n de la Provincia de Corrientes.<\/p>\n\n\n\n<p>En la Regi\u00f3n Sanitaria 7 se encuentran los establecimientos de salud localizados en los departamentos Ituzaing\u00f3, San Miguel, Ber\u00f3n de Astrada y General Paz (localidades de Ituzaing\u00f3, Isla Apip\u00e9, Gral. Uriburu, Loreto, San Miguel, It\u00e1 Ibat\u00e9 y Ber\u00f3n de Astrada), con expresa exclusi\u00f3n de Playadito, San Carlos, Colonia Liebig y San Antonio (Ituzaing\u00f3), Yahap\u00e9 (Ber\u00f3n de Astrada), Lomas de Vallejos, Cerrito, Palmar Grande y Nuestra Se\u00f1ora del Rosario de Ca\u00e1 Cat\u00ed (General Paz). El hospital regional es el centro de salud \u201cDr. Ricardo Billinghurts\u201d de Ituzaing\u00f3.<\/p>\n\n\n\n<figure class=\"wp-block-image size-large\"><img loading=\"lazy\" decoding=\"async\" width=\"1024\" height=\"682\" src=\"https:\/\/corrientesdetarde.com\/wp-content\/uploads\/2025\/03\/image-376-1024x682.png\" alt=\"\" class=\"wp-image-195921\" srcset=\"https:\/\/corrientesdetarde.com\/wp-content\/uploads\/2025\/03\/image-376-1024x682.png 1024w, https:\/\/corrientesdetarde.com\/wp-content\/uploads\/2025\/03\/image-376-300x200.png 300w, https:\/\/corrientesdetarde.com\/wp-content\/uploads\/2025\/03\/image-376-768x512.png 768w, https:\/\/corrientesdetarde.com\/wp-content\/uploads\/2025\/03\/image-376.png 1280w\" sizes=\"auto, (max-width: 1024px) 100vw, 1024px\" \/><\/figure>\n\n\n\n<figure class=\"wp-block-image size-large\"><img loading=\"lazy\" decoding=\"async\" width=\"1024\" height=\"682\" src=\"https:\/\/corrientesdetarde.com\/wp-content\/uploads\/2025\/03\/image-377-1024x682.png\" alt=\"\" class=\"wp-image-195922\" srcset=\"https:\/\/corrientesdetarde.com\/wp-content\/uploads\/2025\/03\/image-377-1024x682.png 1024w, https:\/\/corrientesdetarde.com\/wp-content\/uploads\/2025\/03\/image-377-300x200.png 300w, https:\/\/corrientesdetarde.com\/wp-content\/uploads\/2025\/03\/image-377-768x512.png 768w, https:\/\/corrientesdetarde.com\/wp-content\/uploads\/2025\/03\/image-377.png 1280w\" sizes=\"auto, (max-width: 1024px) 100vw, 1024px\" \/><\/figure>\n\n\n\n<figure class=\"wp-block-image size-large\"><img loading=\"lazy\" decoding=\"async\" width=\"1024\" height=\"683\" src=\"https:\/\/corrientesdetarde.com\/wp-content\/uploads\/2025\/03\/image-378-1024x683.png\" alt=\"\" class=\"wp-image-195923\" srcset=\"https:\/\/corrientesdetarde.com\/wp-content\/uploads\/2025\/03\/image-378-1024x683.png 1024w, https:\/\/corrientesdetarde.com\/wp-content\/uploads\/2025\/03\/image-378-300x200.png 300w, https:\/\/corrientesdetarde.com\/wp-content\/uploads\/2025\/03\/image-378-768x512.png 768w, https:\/\/corrientesdetarde.com\/wp-content\/uploads\/2025\/03\/image-378.png 1080w\" sizes=\"auto, (max-width: 1024px) 100vw, 1024px\" \/><\/figure>\n\n\n\n<figure class=\"wp-block-image size-full\"><img loading=\"lazy\" decoding=\"async\" width=\"853\" height=\"569\" src=\"https:\/\/corrientesdetarde.com\/wp-content\/uploads\/2025\/03\/image-379.png\" alt=\"\" class=\"wp-image-195924\" srcset=\"https:\/\/corrientesdetarde.com\/wp-content\/uploads\/2025\/03\/image-379.png 853w, https:\/\/corrientesdetarde.com\/wp-content\/uploads\/2025\/03\/image-379-300x200.png 300w, https:\/\/corrientesdetarde.com\/wp-content\/uploads\/2025\/03\/image-379-768x512.png 768w\" sizes=\"auto, (max-width: 853px) 100vw, 853px\" \/><\/figure>\n\n\n\n<figure class=\"wp-block-image size-large\"><img loading=\"lazy\" decoding=\"async\" width=\"1024\" height=\"682\" src=\"https:\/\/corrientesdetarde.com\/wp-content\/uploads\/2025\/03\/image-380-1024x682.png\" alt=\"\" class=\"wp-image-195925\" srcset=\"https:\/\/corrientesdetarde.com\/wp-content\/uploads\/2025\/03\/image-380-1024x682.png 1024w, https:\/\/corrientesdetarde.com\/wp-content\/uploads\/2025\/03\/image-380-300x200.png 300w, https:\/\/corrientesdetarde.com\/wp-content\/uploads\/2025\/03\/image-380-768x512.png 768w, https:\/\/corrientesdetarde.com\/wp-content\/uploads\/2025\/03\/image-380.png 1280w\" sizes=\"auto, (max-width: 1024px) 100vw, 1024px\" \/><\/figure>\n","protected":false},"excerpt":{"rendered":"<p>Se trata del plan de obras impulsadas por el gobernador Gustavo Vald\u00e9s en esta instituci\u00f3n. Tambi\u00e9n se entregaron anteojos en el marco de los operativos sanitarios coordinados por la Subsecretaria&hellip; <\/p>\n","protected":false},"author":8,"featured_media":195922,"comment_status":"closed","ping_status":"open","sticky":false,"template":"","format":"standard","meta":{"footnotes":""},"categories":[23,16],"tags":[],"class_list":["post-195920","post","type-post","status-publish","format-standard","has-post-thumbnail","hentry","category-actualidad","category-bienestar-y-salud"],"_links":{"self":[{"href":"https:\/\/corrientesdetarde.com\/index.php\/wp-json\/wp\/v2\/posts\/195920","targetHints":{"allow":["GET"]}}],"collection":[{"href":"https:\/\/corrientesdetarde.com\/index.php\/wp-json\/wp\/v2\/posts"}],"about":[{"href":"https:\/\/corrientesdetarde.com\/index.php\/wp-json\/wp\/v2\/types\/post"}],"author":[{"embeddable":true,"href":"https:\/\/corrientesdetarde.com\/index.php\/wp-json\/wp\/v2\/users\/8"}],"replies":[{"embeddable":true,"href":"https:\/\/corrientesdetarde.com\/index.php\/wp-json\/wp\/v2\/comments?post=195920"}],"version-history":[{"count":1,"href":"https:\/\/corrientesdetarde.com\/index.php\/wp-json\/wp\/v2\/posts\/195920\/revisions"}],"predecessor-version":[{"id":195926,"href":"https:\/\/corrientesdetarde.com\/index.php\/wp-json\/wp\/v2\/posts\/195920\/revisions\/195926"}],"wp:featuredmedia":[{"embeddable":true,"href":"https:\/\/corrientesdetarde.com\/index.php\/wp-json\/wp\/v2\/media\/195922"}],"wp:attachment":[{"href":"https:\/\/corrientesdetarde.com\/index.php\/wp-json\/wp\/v2\/media?parent=195920"}],"wp:term":[{"taxonomy":"category","embeddable":true,"href":"https:\/\/corrientesdetarde.com\/index.php\/wp-json\/wp\/v2\/categories?post=195920"},{"taxonomy":"post_tag","embeddable":true,"href":"https:\/\/corrientesdetarde.com\/index.php\/wp-json\/wp\/v2\/tags?post=195920"}],"curies":[{"name":"wp","href":"https:\/\/api.w.org\/{rel}","templated":true}]}}