{"id":195927,"date":"2025-03-11T16:36:54","date_gmt":"2025-03-11T19:36:54","guid":{"rendered":"https:\/\/corrientesdetarde.com\/?p=195927"},"modified":"2025-03-11T16:36:59","modified_gmt":"2025-03-11T19:36:59","slug":"en-la-expoagro-de-san-nicolas-valdes-firmo-un-convenio-de-colaboracion-con-el-inta","status":"publish","type":"post","link":"https:\/\/corrientesdetarde.com\/index.php\/locales\/en-la-expoagro-de-san-nicolas-valdes-firmo-un-convenio-de-colaboracion-con-el-inta\/","title":{"rendered":"En la Expoagro de San Nicol\u00e1s, Vald\u00e9s firm\u00f3 un convenio de colaboraci\u00f3n con el INTA"},"content":{"rendered":"\n<p>El gobernador Gustavo Vald\u00e9s asisti\u00f3 este martes a la Expoagro 2025, que se lleva adelante en el predio ferial y aut\u00f3dromo de San Nicol\u00e1s de los Arroyos en la provincia de Buenos Aires, el cual se extender\u00e1 hasta este viernes 14 de marzo, consider\u00e1ndose&nbsp;la mayor muestra del campo a cielo abierto de la regi\u00f3n. En ese marco, el Mandatario provincial suscribi\u00f3 un Convenio con el presidente del Instituto Nacional de Tecnolog\u00eda Agropecuaria (INTA), Nicol\u00e1s Bronzovich, en el que se acord\u00f3 la colaboraci\u00f3n en actividades tanto de investigaci\u00f3n cient\u00edfica y desarrollo tecnol\u00f3gico, como de capacitaci\u00f3n y asistencia a productores.<\/p>\n\n\n\n<p>El convenio tendr\u00e1 10 a\u00f1os de vigencia y \u201ces posible gracias a que la pol\u00edtica agropecuaria del Gobierno provincial coincide con el objetivo del INTA, de incrementar la productividad con el fin de mejorar la calidad de vida de los productores rurales\u201d sostuvo el Gobernador.<\/p>\n\n\n\n<p>Asistieron tambi\u00e9n a dicho espacio, con quienes Vald\u00e9s mantuvo en encuentro, los gobernadores de Santa Fe, Maximiliano Pullaro; de Entre R\u00edos, Rogelio Frigerio; y de C\u00f3rdoba, Mart\u00edn Llaryora; el presidente del directorio de Exponenciar, empresa organizadora del evento, Alberto Marina; el CEO de dicha empresa, Mart\u00edn Schvartzman; el presidente de la Asociaci\u00f3n de Entidades Period\u00edsticas Argentinas (ADEPA) y gerente de Relaciones Insititucionales del Grupo Clarin, Mart\u00edn Etchevers; entre otros.<\/p>\n\n\n\n<figure class=\"wp-block-image size-large\"><img loading=\"lazy\" decoding=\"async\" width=\"1024\" height=\"682\" src=\"https:\/\/corrientesdetarde.com\/wp-content\/uploads\/2025\/03\/image-382-1024x682.png\" alt=\"\" class=\"wp-image-195929\" srcset=\"https:\/\/corrientesdetarde.com\/wp-content\/uploads\/2025\/03\/image-382-1024x682.png 1024w, https:\/\/corrientesdetarde.com\/wp-content\/uploads\/2025\/03\/image-382-300x200.png 300w, https:\/\/corrientesdetarde.com\/wp-content\/uploads\/2025\/03\/image-382-768x512.png 768w, https:\/\/corrientesdetarde.com\/wp-content\/uploads\/2025\/03\/image-382-1536x1023.png 1536w, https:\/\/corrientesdetarde.com\/wp-content\/uploads\/2025\/03\/image-382.png 1588w\" sizes=\"auto, (max-width: 1024px) 100vw, 1024px\" \/><\/figure>\n\n\n\n<figure class=\"wp-block-image size-large\"><img loading=\"lazy\" decoding=\"async\" width=\"1024\" height=\"683\" src=\"https:\/\/corrientesdetarde.com\/wp-content\/uploads\/2025\/03\/image-383-1024x683.png\" alt=\"\" class=\"wp-image-195930\" srcset=\"https:\/\/corrientesdetarde.com\/wp-content\/uploads\/2025\/03\/image-383-1024x683.png 1024w, https:\/\/corrientesdetarde.com\/wp-content\/uploads\/2025\/03\/image-383-300x200.png 300w, https:\/\/corrientesdetarde.com\/wp-content\/uploads\/2025\/03\/image-383-768x512.png 768w, https:\/\/corrientesdetarde.com\/wp-content\/uploads\/2025\/03\/image-383-1536x1024.png 1536w, https:\/\/corrientesdetarde.com\/wp-content\/uploads\/2025\/03\/image-383.png 1569w\" sizes=\"auto, (max-width: 1024px) 100vw, 1024px\" \/><\/figure>\n","protected":false},"excerpt":{"rendered":"<p>El gobernador Gustavo Vald\u00e9s asisti\u00f3 este martes a la Expoagro 2025, que se lleva adelante en el predio ferial y aut\u00f3dromo de San Nicol\u00e1s de los Arroyos en la provincia&hellip; <\/p>\n","protected":false},"author":8,"featured_media":195928,"comment_status":"closed","ping_status":"open","sticky":false,"template":"","format":"standard","meta":{"footnotes":""},"categories":[8],"tags":[],"class_list":["post-195927","post","type-post","status-publish","format-standard","has-post-thumbnail","hentry","category-locales"],"_links":{"self":[{"href":"https:\/\/corrientesdetarde.com\/index.php\/wp-json\/wp\/v2\/posts\/195927","targetHints":{"allow":["GET"]}}],"collection":[{"href":"https:\/\/corrientesdetarde.com\/index.php\/wp-json\/wp\/v2\/posts"}],"about":[{"href":"https:\/\/corrientesdetarde.com\/index.php\/wp-json\/wp\/v2\/types\/post"}],"author":[{"embeddable":true,"href":"https:\/\/corrientesdetarde.com\/index.php\/wp-json\/wp\/v2\/users\/8"}],"replies":[{"embeddable":true,"href":"https:\/\/corrientesdetarde.com\/index.php\/wp-json\/wp\/v2\/comments?post=195927"}],"version-history":[{"count":1,"href":"https:\/\/corrientesdetarde.com\/index.php\/wp-json\/wp\/v2\/posts\/195927\/revisions"}],"predecessor-version":[{"id":195931,"href":"https:\/\/corrientesdetarde.com\/index.php\/wp-json\/wp\/v2\/posts\/195927\/revisions\/195931"}],"wp:featuredmedia":[{"embeddable":true,"href":"https:\/\/corrientesdetarde.com\/index.php\/wp-json\/wp\/v2\/media\/195928"}],"wp:attachment":[{"href":"https:\/\/corrientesdetarde.com\/index.php\/wp-json\/wp\/v2\/media?parent=195927"}],"wp:term":[{"taxonomy":"category","embeddable":true,"href":"https:\/\/corrientesdetarde.com\/index.php\/wp-json\/wp\/v2\/categories?post=195927"},{"taxonomy":"post_tag","embeddable":true,"href":"https:\/\/corrientesdetarde.com\/index.php\/wp-json\/wp\/v2\/tags?post=195927"}],"curies":[{"name":"wp","href":"https:\/\/api.w.org\/{rel}","templated":true}]}}