{"id":195933,"date":"2025-03-11T19:56:04","date_gmt":"2025-03-11T22:56:04","guid":{"rendered":"https:\/\/corrientesdetarde.com\/?p=195933"},"modified":"2025-03-11T19:56:07","modified_gmt":"2025-03-11T22:56:07","slug":"la-unidad-exhibe-a-empresarios-su-potencial-de-desarrollo-y-convergencia-de-pasado-y-futuro","status":"publish","type":"post","link":"https:\/\/corrientesdetarde.com\/index.php\/locales\/la-unidad-exhibe-a-empresarios-su-potencial-de-desarrollo-y-convergencia-de-pasado-y-futuro\/","title":{"rendered":"La Unidad exhibe a empresarios su potencial de desarrollo y convergencia de pasado y futuro"},"content":{"rendered":"\n<p><em>Integrantes del Polo IT fueron invitados por el Gobierno a conocer el lugar donde avanzan las obras, que incluyen un edificio de 20 pisos para un centro de innovaci\u00f3n y tecnolog\u00eda. Referentes de C\u00e1maras empresariales ser\u00e1n los pr\u00f3ximos en ver de cerca la propuesta, con miras a conocer los detalles que permitir\u00e1n que el sector privado sea protagonista de una visi\u00f3n de crecimiento y desarrollo que promete signar el futuro de los correntinos.<\/em><\/p>\n\n\n\n<figure class=\"wp-block-image size-large\"><img loading=\"lazy\" decoding=\"async\" width=\"1024\" height=\"672\" src=\"https:\/\/corrientesdetarde.com\/wp-content\/uploads\/2025\/03\/image-384-1024x672.png\" alt=\"\" class=\"wp-image-195939\" srcset=\"https:\/\/corrientesdetarde.com\/wp-content\/uploads\/2025\/03\/image-384-1024x672.png 1024w, https:\/\/corrientesdetarde.com\/wp-content\/uploads\/2025\/03\/image-384-300x197.png 300w, https:\/\/corrientesdetarde.com\/wp-content\/uploads\/2025\/03\/image-384-768x504.png 768w, https:\/\/corrientesdetarde.com\/wp-content\/uploads\/2025\/03\/image-384.png 1364w\" sizes=\"auto, (max-width: 1024px) 100vw, 1024px\" \/><\/figure>\n\n\n\n<p>M\u00e1s de 10 empresarios nucleados en el Polo IT que se dedican al desarrollo y la comercializaci\u00f3n de software y tecnolog\u00eda en Corrientes recorrieron, de la mano de referentes del Gobierno de la provincia, las instalaciones de la ex c\u00e1rcel, donde La Unidad \u2013 un proyecto signado por la innovaci\u00f3n \u2013 comienza a erigirse y promete traccionar el desarrollo econ\u00f3mico, comercial y tur\u00edstico de la provincia en los pr\u00f3ximos a\u00f1os.<\/p>\n\n\n\n<p>\u201cAlgunos ya saben de qu\u00e9 se trata, pero para los que no lo conocen La Unidad es un emprendimiento p\u00fablico &#8211;&nbsp; privado para crear un polo de desarrollo en un predio donde van a convivir la investigaci\u00f3n y los negocios; para que se complementen y generen nuevas oportunidades. Incluye un polo tecnol\u00f3gico, un museo con la historia de la Unidad Penal N\u00ba 1, un espacio de ciencias, un centro de innovaci\u00f3n p\u00fablico &#8211;&nbsp; privado con alta tecnolog\u00eda, un espacio gastron\u00f3mico centrado en nuestra identidad regional&nbsp; y un centro comercial\u201d, explic\u00f3 el gobernador Gustavo Vald\u00e9s durante la apertura de sesiones ordinarias de la Legislatura el pasado 1 de marzo.<\/p>\n\n\n\n<figure class=\"wp-block-image size-large\"><img loading=\"lazy\" decoding=\"async\" width=\"1024\" height=\"722\" src=\"https:\/\/corrientesdetarde.com\/wp-content\/uploads\/2025\/03\/image-385-1024x722.png\" alt=\"\" class=\"wp-image-195940\" srcset=\"https:\/\/corrientesdetarde.com\/wp-content\/uploads\/2025\/03\/image-385-1024x722.png 1024w, https:\/\/corrientesdetarde.com\/wp-content\/uploads\/2025\/03\/image-385-300x212.png 300w, https:\/\/corrientesdetarde.com\/wp-content\/uploads\/2025\/03\/image-385-768x542.png 768w, https:\/\/corrientesdetarde.com\/wp-content\/uploads\/2025\/03\/image-385.png 1289w\" sizes=\"auto, (max-width: 1024px) 100vw, 1024px\" \/><\/figure>\n\n\n\n<p>&nbsp;\u201cRecuperamos un predio ubicado en uno de los puntos m\u00e1s importantes de la ciudad que con sus 40 mil metros cuadrados va a ser uno de los principales centros de esparcimiento de la regi\u00f3n\u201d, asegur\u00f3. Y es su visi\u00f3n y su entusiasmo por el proyecto el que comenz\u00f3, hace dos a\u00f1os, a traccionar una propuesta disruptiva que ya marca un hito en el desarrollo de Corrientes y que ahora est\u00e1 siendo exhibida de cerca a empresarios de distintos rubros.<\/p>\n\n\n\n<p>Ubicada en un punto estrat\u00e9gico de la ciudad, a la vera del rio Paran\u00e1 y cerca del tr\u00e1nsito de miles de veh\u00edculos que transitan cada d\u00eda, el predio de 40 mil metros cuadrados promete convertirse en poco tiempo en un polo de desarrollo con un factor que potenciar\u00e1 el crecimiento de los correntinos: La Unidad, entre pasado y futuro, de cara a una etapa de modernizaci\u00f3n y de intercambio de negocios que albergar\u00e1 a los principales talentos correntinos en un mismo lugar.<\/p>\n\n\n\n<figure class=\"wp-block-image size-large\"><img loading=\"lazy\" decoding=\"async\" width=\"1024\" height=\"683\" src=\"https:\/\/corrientesdetarde.com\/wp-content\/uploads\/2025\/03\/image-386-1024x683.png\" alt=\"\" class=\"wp-image-195941\" srcset=\"https:\/\/corrientesdetarde.com\/wp-content\/uploads\/2025\/03\/image-386-1024x683.png 1024w, https:\/\/corrientesdetarde.com\/wp-content\/uploads\/2025\/03\/image-386-300x200.png 300w, https:\/\/corrientesdetarde.com\/wp-content\/uploads\/2025\/03\/image-386-768x512.png 768w, https:\/\/corrientesdetarde.com\/wp-content\/uploads\/2025\/03\/image-386.png 1366w\" sizes=\"auto, (max-width: 1024px) 100vw, 1024px\" \/><\/figure>\n\n\n\n<p><strong>Un hito del pasado, un faro para el futuro<\/strong><\/p>\n\n\n\n<p>La Unidad Penal N\u00ba1 apareci\u00f3 como una inmensa construcci\u00f3n con las caracter\u00edsticas edilicias de un moderno centro de detenci\u00f3n para la \u00e9poca a fines de 1800, con una fachada que se parec\u00eda mucho a un fuerte, que vino a irrumpir en el paisaje de una ciudad que necesitaba con urgencia un espacio adecuado para resolver el problema penitenciario.<\/p>\n\n\n\n<p>El lugar se llama La Unidad, en referencia a la hist\u00f3rica Unidad Penal, pero tambi\u00e9n por el concepto de Uni\u00f3n: un espacio de 2 hect\u00e1reas donde se unen pasado y futuro, historia e innovaci\u00f3n, tradiciones y sustentabilidad,&nbsp; marcadas por la misi\u00f3n de albergar a lo mejor del talento correntino en el plano de las ciencias, los negocios, la tecnolog\u00eda, la gastronom\u00eda, el turismo y el entretenimiento. Fue un hito arquitect\u00f3nico en el pasado, y promete volver a serlo como faro de desarrollo para el futuro de Corrientes.<\/p>\n\n\n\n<p><strong>Cuatro espacios con algo en com\u00fan: la innovaci\u00f3n<\/strong><\/p>\n\n\n\n<p>El proyecto de La Unidad se construye en cuatro espacios bien definidos: el museo de la prisi\u00f3n y centro interactivo de las ciencias, un \u00e1rea gastron\u00f3mica, un centro comercial y un centro de innovaci\u00f3n.<\/p>\n\n\n\n<p>Este \u00faltimo espacio abarca la mayor parte de la superficie de dos manzanas que tiene el predio. Y comenz\u00f3 siendo proyectado para un edificio de dos pisos para terminar construy\u00e9ndose uno de 20 pisos en el coraz\u00f3n de las dos manzanas.<\/p>\n\n\n\n<p>Por su ubicaci\u00f3n estrat\u00e9gica en la bajada del Puente, \u201cpromover\u00e1 un ambiente propicio para la interacci\u00f3n, el aprendizaje, y la construcci\u00f3n de una comunidad colaborativa de conocimiento e innovaci\u00f3n, p\u00fablico \u2013 privada y en donde la academia, el sector empresarial, los centros de investigaci\u00f3n, y de emprendedorismo, las organizaciones de la sociedad civil y las instituciones p\u00fablicas potenciar\u00e1n su talento y creatividad\u201d, explica el proyecto.<\/p>\n\n\n\n<p>All\u00ed ya est\u00e1n siendo invitadas a radicarse la Universidad Nacional del Nordeste, la empresa TelCo, Universidades privadas, Incubadoras de Emprendedores, y tambi\u00e9n referentes de c\u00e1maras empresariales, emprendedores y empresarios dedicados a la tecnolog\u00eda y la innovaci\u00f3n.<br>Pero este factor de innovaci\u00f3n, que es el esp\u00edritu de toda la iniciativa, aparece tambi\u00e9n en el proyecto al considerar la renovaci\u00f3n de la legislaci\u00f3n que permitir\u00eda darle al predio el car\u00e1cter de Parque Tecnol\u00f3gico, como una acci\u00f3n para superar la legislaci\u00f3n existente que hace m\u00e1s de 15 a\u00f1os permiti\u00f3 potenciar los parques industriales de la provincia.<\/p>\n\n\n\n<p>Una visita guiada con la presentaci\u00f3n de la propuesta tuvo a los integrantes del Polo IT como protagonistas de un primer acercamiento del proyecto a la sociedad.&nbsp; Alfredo Vara, parte del equipo de unas 15 personas que integran el proyecto bajo la \u00f3rbita de la Secretar\u00eda General de la Gobernaci\u00f3n a cargo de Carlos Vignolo, se dedic\u00f3 a guiar y a explicar minuciosamente esta visi\u00f3n, con la cual el gobernador Gustavo Vald\u00e9s \u201cest\u00e1 especialmente entusiasmado. El gobierno est\u00e1 poniendo todo en este proyecto, porque es lo que nos va a llevar hacia el futuro\u201d, asegur\u00f3.&nbsp;<\/p>\n\n\n\n<p>El Polo IT Corrientes se define como una organizaci\u00f3n asociativa que re\u00fane a empresas del sector de la industria del software y servicios. El Polo IT es una organizaci\u00f3n asociativaque re\u00fane a empresas locales del sector de la industria del software y servicios con los m\u00e1s altos est\u00e1ndares de certificaci\u00f3n. Se trata de m\u00e1s de 20 empresas y tambi\u00e9n instituciones que se dedican al rubro y que integran la asociaci\u00f3n.<\/p>\n\n\n\n<p>Tambi\u00e9n el Banco de Corrientes tendr\u00e1 una presencia importante dentro del predio, un lugar que la firma financiera destinar\u00e1 a trabajar con emprendedores, en su propia incubadora de empresas.<\/p>\n\n\n\n<p><strong>Sinergia entre talentos<\/strong><\/p>\n\n\n\n<p>Respecto del centro de Innovaci\u00f3n, en el recorrido se destac\u00f3 que \u201cel espacio ser\u00e1 inscripto como Parque Tecnol\u00f3gico y de la Innovaci\u00f3n, habilitando a aquellos que se instalen en \u00e9l a obtener todos los beneficios de las leyes locales y nacionales que benefician a estos lugares\u201d, explicaron a los empresarios que participaron.<\/p>\n\n\n\n<p>En la planta alta del ala ubicada sobre 3 de Abril, justo debajo de las torres y donde antes funcionaba la oficina del Director de la c\u00e1rcel, las antiguas vigas se restauraron&nbsp; y se conservan los ventanales originales que dan hacia el puente. All\u00ed se detuvieron los empresarios para conversar entre ellos de manera espont\u00e1nea: se presentaron, intercambiaron comentarios amigables, algunos ya se conoc\u00edan y otros lo hicieron en el lugar. Incluso se identificaron entre s\u00ed como clientes y proveedores que ya trabajan juntos, pero que no se hab\u00edan tratado personalmente antes.<\/p>\n\n\n\n<p>Esa sinergia que pretende impulsar el trabajo del gobierno con el proyecto de la Unidad comenz\u00f3 a suceder en la primera visita.<\/p>\n\n\n\n<p>&nbsp;Una adecuaci\u00f3n de la legislaci\u00f3n de los parques industriales en los que trabaja el Gobierno de la provincia, permitir\u00e1 que el lugar funcione como parque tecnol\u00f3gico, y as\u00ed los espacios de oficinas \u2013 donde el requisito ser\u00e1 integrar el rubro de la tecnolog\u00eda o encarar proyectos innovadores \u2013 podr\u00e1n ser comprados, alquilados u ocupados \u2013 por ejemplo \u2013 bajo el sistema de concesi\u00f3n o leasing.<\/p>\n\n\n\n<p>En el futuro, podr\u00e1n convocar a empresas de tecnolog\u00eda o con una fuerte impronta de innovaci\u00f3n en sus productos o procesos de cualquier parte del mundo, pero la prioridad se centrar\u00e1 en captar el talento correntino.<\/p>\n\n\n\n<p>Durante la recorrida, los empresarios del Polo IT \u2013 socio estrat\u00e9gico del gobierno en varios proyectos que impulsan el emprendedorismo en el \u00e1rea del conocimiento \u2013 tambi\u00e9n interactuaron entre ellos y pudieron aproximarse a esta visi\u00f3n de desarrollo con que fue encarado desde hace 2 a\u00f1os el ambicioso proyecto de La Unidad.<\/p>\n\n\n\n<p>Los pr\u00f3ximos invitados ser\u00e1n referentes de c\u00e1maras empresariales, quienes visitar\u00e1n el lugar en el transcurso de la pr\u00f3xima semana. Y luego tambi\u00e9n empresarios del rubro gastron\u00f3mico.<\/p>\n\n\n\n<p>Sintetizada en el logotipo que fue dise\u00f1ado para La Unidad, las dos torres representan el pasado de esa fachada hist\u00f3rica, pero tambi\u00e9n una vista larga hacia el futuro.<\/p>\n","protected":false},"excerpt":{"rendered":"<p>Integrantes del Polo IT fueron invitados por el Gobierno a conocer el lugar donde avanzan las obras, que incluyen un edificio de 20 pisos para un centro de innovaci\u00f3n y&hellip; <\/p>\n","protected":false},"author":4,"featured_media":195942,"comment_status":"closed","ping_status":"open","sticky":false,"template":"","format":"standard","meta":{"footnotes":""},"categories":[8],"tags":[],"class_list":["post-195933","post","type-post","status-publish","format-standard","has-post-thumbnail","hentry","category-locales"],"_links":{"self":[{"href":"https:\/\/corrientesdetarde.com\/index.php\/wp-json\/wp\/v2\/posts\/195933","targetHints":{"allow":["GET"]}}],"collection":[{"href":"https:\/\/corrientesdetarde.com\/index.php\/wp-json\/wp\/v2\/posts"}],"about":[{"href":"https:\/\/corrientesdetarde.com\/index.php\/wp-json\/wp\/v2\/types\/post"}],"author":[{"embeddable":true,"href":"https:\/\/corrientesdetarde.com\/index.php\/wp-json\/wp\/v2\/users\/4"}],"replies":[{"embeddable":true,"href":"https:\/\/corrientesdetarde.com\/index.php\/wp-json\/wp\/v2\/comments?post=195933"}],"version-history":[{"count":1,"href":"https:\/\/corrientesdetarde.com\/index.php\/wp-json\/wp\/v2\/posts\/195933\/revisions"}],"predecessor-version":[{"id":195943,"href":"https:\/\/corrientesdetarde.com\/index.php\/wp-json\/wp\/v2\/posts\/195933\/revisions\/195943"}],"wp:featuredmedia":[{"embeddable":true,"href":"https:\/\/corrientesdetarde.com\/index.php\/wp-json\/wp\/v2\/media\/195942"}],"wp:attachment":[{"href":"https:\/\/corrientesdetarde.com\/index.php\/wp-json\/wp\/v2\/media?parent=195933"}],"wp:term":[{"taxonomy":"category","embeddable":true,"href":"https:\/\/corrientesdetarde.com\/index.php\/wp-json\/wp\/v2\/categories?post=195933"},{"taxonomy":"post_tag","embeddable":true,"href":"https:\/\/corrientesdetarde.com\/index.php\/wp-json\/wp\/v2\/tags?post=195933"}],"curies":[{"name":"wp","href":"https:\/\/api.w.org\/{rel}","templated":true}]}}