{"id":195936,"date":"2025-03-11T20:20:05","date_gmt":"2025-03-11T23:20:05","guid":{"rendered":"https:\/\/corrientesdetarde.com\/?p=195936"},"modified":"2025-03-11T20:20:10","modified_gmt":"2025-03-11T23:20:10","slug":"fam-press-de-anticipo-de-semana-santa-en-los-esteros-del-ibera-e-ysoro","status":"publish","type":"post","link":"https:\/\/corrientesdetarde.com\/index.php\/actualidad\/fam-press-de-anticipo-de-semana-santa-en-los-esteros-del-ibera-e-ysoro\/","title":{"rendered":"Fam Press de anticipo de semana santa en los Esteros del Iber\u00e1 e Ysor\u00f3"},"content":{"rendered":"\n<p>Tras el \u00faltimo fin de semana largo exitoso en la Provincia, se realiz\u00f3 una acci\u00f3n promocional para potenciar el Destino Corrientes de cara a lo que ser\u00e1 el receso con motivo de Semana Santa. La iniciativa del Gobierno provincial, a trav\u00e9s del Ministerio de Turismo, cuenta con el acompa\u00f1amiento de la Subsecretar\u00eda de Hacienda, organismo a cargo del doctor Patricio Carando, responsable de la vinculaci\u00f3n con el Consejo Federal de Inversiones para el financiamiento de la promoci\u00f3n de Corrientes a nivel nacional e internacional.<\/p>\n\n\n\n<figure class=\"wp-block-image size-full\"><img loading=\"lazy\" decoding=\"async\" width=\"953\" height=\"767\" src=\"https:\/\/corrientesdetarde.com\/wp-content\/uploads\/2025\/03\/image-390.png\" alt=\"\" class=\"wp-image-195951\" srcset=\"https:\/\/corrientesdetarde.com\/wp-content\/uploads\/2025\/03\/image-390.png 953w, https:\/\/corrientesdetarde.com\/wp-content\/uploads\/2025\/03\/image-390-300x241.png 300w, https:\/\/corrientesdetarde.com\/wp-content\/uploads\/2025\/03\/image-390-768x618.png 768w\" sizes=\"auto, (max-width: 953px) 100vw, 953px\" \/><\/figure>\n\n\n\n<p>De esta forma, el pasado 3 de marzo&nbsp;dio inicio un Fam Press con la participaci\u00f3n de un grupo de periodistas de distintas provincias y del Paraguay, para recorrer distintos atractivos naturales y disfrutar de los servicios tur\u00edsticos de la regi\u00f3n. Este viaje incluy\u00f3 visitas a la Reserva Provincial Ysor\u00f3 en San Isidro, el portal San Antonio en Loreto, portal Carambola e isla El Disparo en Concepci\u00f3n del Yaguaret\u00e9 Cor\u00e1, permitiendo a los periodistas experimentar de primera mano la biodiversidad, cultura y hospitalidad local.<\/p>\n\n\n\n<p><strong>Recorridos<\/strong><br>El primer punto visitado fue la Reserva Ysor\u00f3 siendo recibidos por Carlos Mart\u00ednez, Intendente de San Isidro y representantes de Jetu\u00b4u, establecimiento que ofrece excursiones de pesca y paseos n\u00e1uticos en la localidad. Tras realizar una actividad en ese lugar, continuaron hasta Loreto para conocer un atractivo vivero que cultiva plantas carn\u00edvoras denominado Jurasic Plant, conocer el emprendimiento de Estero Alma y alojarse en la posada de Las Huellas.<\/p>\n\n\n\n<p>Un circuito hist\u00f3rico por el pueblo fue parte de la agenda de los periodistas, adem\u00e1s de visitar el Complejo Aventura Iber\u00e1 y degustar las exquisiteces de la mano de la Red de Cocineros del Iber\u00e1, quienes ofrecieron comidas t\u00edpicas.&nbsp; En tanto que posteriormente se dirigieron hasta el Hotel Boutique El Tr\u00e1nsito en Concepci\u00f3n del Yaguaret\u00e9 Cor\u00e1.<\/p>\n\n\n\n<figure class=\"wp-block-image size-large\"><img loading=\"lazy\" decoding=\"async\" width=\"1024\" height=\"798\" src=\"https:\/\/corrientesdetarde.com\/wp-content\/uploads\/2025\/03\/image-391-1024x798.png\" alt=\"\" class=\"wp-image-195952\" srcset=\"https:\/\/corrientesdetarde.com\/wp-content\/uploads\/2025\/03\/image-391-1024x798.png 1024w, https:\/\/corrientesdetarde.com\/wp-content\/uploads\/2025\/03\/image-391-300x234.png 300w, https:\/\/corrientesdetarde.com\/wp-content\/uploads\/2025\/03\/image-391-768x598.png 768w, https:\/\/corrientesdetarde.com\/wp-content\/uploads\/2025\/03\/image-391.png 1150w\" sizes=\"auto, (max-width: 1024px) 100vw, 1024px\" \/><\/figure>\n\n\n\n<p>La experiencia de naturaleza se complet\u00f3 con un paseo en la laguna contemplando el atardecer, adem\u00e1s de un safari n\u00e1utico en la isla El Disparo para disfrutar los servicios que ofrecen en un glamping.&nbsp;Mientras que la oferta cultural del pueblo incluy\u00f3 una cabalgata y un show de chamam\u00e9 en la cena de despedida en La&nbsp;Alondra\u2019i.<\/p>\n\n\n\n<p>Este Fam Press permiti\u00f3, a periodistas y comunicadores, conocer de cerca las bellezas naturales y culturales de los Esteros del Iber\u00e1, que posicionan a Corrientes como un destino tur\u00edstico de primer nivel. La provincia ofrece experiencias \u00fanicas en contacto con la naturaleza y la tradici\u00f3n litorale\u00f1a.<\/p>\n\n\n\n<p><\/p>\n","protected":false},"excerpt":{"rendered":"<p>Tras el \u00faltimo fin de semana largo exitoso en la Provincia, se realiz\u00f3 una acci\u00f3n promocional para potenciar el Destino Corrientes de cara a lo que ser\u00e1 el receso con&hellip; <\/p>\n","protected":false},"author":4,"featured_media":195953,"comment_status":"closed","ping_status":"open","sticky":false,"template":"","format":"standard","meta":{"footnotes":""},"categories":[23],"tags":[],"class_list":["post-195936","post","type-post","status-publish","format-standard","has-post-thumbnail","hentry","category-actualidad"],"_links":{"self":[{"href":"https:\/\/corrientesdetarde.com\/index.php\/wp-json\/wp\/v2\/posts\/195936","targetHints":{"allow":["GET"]}}],"collection":[{"href":"https:\/\/corrientesdetarde.com\/index.php\/wp-json\/wp\/v2\/posts"}],"about":[{"href":"https:\/\/corrientesdetarde.com\/index.php\/wp-json\/wp\/v2\/types\/post"}],"author":[{"embeddable":true,"href":"https:\/\/corrientesdetarde.com\/index.php\/wp-json\/wp\/v2\/users\/4"}],"replies":[{"embeddable":true,"href":"https:\/\/corrientesdetarde.com\/index.php\/wp-json\/wp\/v2\/comments?post=195936"}],"version-history":[{"count":1,"href":"https:\/\/corrientesdetarde.com\/index.php\/wp-json\/wp\/v2\/posts\/195936\/revisions"}],"predecessor-version":[{"id":195954,"href":"https:\/\/corrientesdetarde.com\/index.php\/wp-json\/wp\/v2\/posts\/195936\/revisions\/195954"}],"wp:featuredmedia":[{"embeddable":true,"href":"https:\/\/corrientesdetarde.com\/index.php\/wp-json\/wp\/v2\/media\/195953"}],"wp:attachment":[{"href":"https:\/\/corrientesdetarde.com\/index.php\/wp-json\/wp\/v2\/media?parent=195936"}],"wp:term":[{"taxonomy":"category","embeddable":true,"href":"https:\/\/corrientesdetarde.com\/index.php\/wp-json\/wp\/v2\/categories?post=195936"},{"taxonomy":"post_tag","embeddable":true,"href":"https:\/\/corrientesdetarde.com\/index.php\/wp-json\/wp\/v2\/tags?post=195936"}],"curies":[{"name":"wp","href":"https:\/\/api.w.org\/{rel}","templated":true}]}}