{"id":195937,"date":"2025-03-11T20:12:03","date_gmt":"2025-03-11T23:12:03","guid":{"rendered":"https:\/\/corrientesdetarde.com\/?p=195937"},"modified":"2025-03-11T20:12:15","modified_gmt":"2025-03-11T23:12:15","slug":"entornos-escolares-mas-de-200-agentes-detransito-trabajan-para-garantizar-la-seguridad-vial","status":"publish","type":"post","link":"https:\/\/corrientesdetarde.com\/index.php\/actualidad\/entornos-escolares-mas-de-200-agentes-detransito-trabajan-para-garantizar-la-seguridad-vial\/","title":{"rendered":"Entornos Escolares: m\u00e1s de 200 agentes deTr\u00e1nsito trabajan para garantizar la seguridad vial"},"content":{"rendered":"\n<p><em>El sistema implementado por la Municipalidad de Corrientes logr\u00f3 en los \u00faltimos a\u00f1os reducir la congesti\u00f3n vehicular en horarios cr\u00edticos y fortalecer el v\u00ednculo con la comunidad educativa. Este a\u00f1o, los inspectores est\u00e1n abocados a esta tarea de ordenamiento en las inmediaciones de 20 establecimientos escolares de la ciudad.<\/em><\/p>\n\n\n\n<figure class=\"wp-block-embed is-type-video is-provider-youtube wp-block-embed-youtube wp-embed-aspect-16-9 wp-has-aspect-ratio\"><div class=\"wp-block-embed__wrapper\">\n<iframe loading=\"lazy\" title=\"Entornos Escolares: m\u00e1s de 200 agentes de Tr\u00e1nsito trabajan para garantizar la seguridad vial\" width=\"1110\" height=\"624\" src=\"https:\/\/www.youtube.com\/embed\/2nY2jjgD3hs?feature=oembed\" frameborder=\"0\" allow=\"accelerometer; autoplay; clipboard-write; encrypted-media; gyroscope; picture-in-picture; web-share\" referrerpolicy=\"strict-origin-when-cross-origin\" allowfullscreen><\/iframe>\n<\/div><\/figure>\n\n\n\n<p>Desde su implementaci\u00f3n en 2019, el programa Entornos Escolares de la Municipalidad de Corrientes avanz\u00f3 a trav\u00e9s de distintas etapas y estrategias para mejorar la seguridad vial en las inmediaciones de los establecimientos educativos de la ciudad. Juan Acinas, subsecretario de Tr\u00e1nsito y Seguridad Vial, brind\u00f3 detalles sobre su funcionamiento para este a\u00f1o y los avances logrados hasta la fecha.<br><br>El programa Entornos Escolares comenz\u00f3 con la instalaci\u00f3n de se\u00f1al\u00e9tica vertical y carteler\u00eda propia, fabricada por la Municipalidad. Luego, se avanz\u00f3 con el pintado de sendas peatonales y cordones. En el segundo semestre de 2022 se sum\u00f3 una nueva fase con la implementaci\u00f3n de corredores exclusivos para el ascenso y descenso de alumnos. Actualmente, estos corredores abarcan 15 cuadras dentro de la ciudad, incluyendo 13 en el microcentro y dos fuera de las cuatro avenidas principales.<\/p>\n\n\n\n<figure class=\"wp-block-image size-large\"><img loading=\"lazy\" decoding=\"async\" width=\"1024\" height=\"679\" src=\"https:\/\/corrientesdetarde.com\/wp-content\/uploads\/2025\/03\/image-387-1024x679.png\" alt=\"\" class=\"wp-image-195946\" srcset=\"https:\/\/corrientesdetarde.com\/wp-content\/uploads\/2025\/03\/image-387-1024x679.png 1024w, https:\/\/corrientesdetarde.com\/wp-content\/uploads\/2025\/03\/image-387-300x199.png 300w, https:\/\/corrientesdetarde.com\/wp-content\/uploads\/2025\/03\/image-387-768x510.png 768w, https:\/\/corrientesdetarde.com\/wp-content\/uploads\/2025\/03\/image-387.png 1263w\" sizes=\"auto, (max-width: 1024px) 100vw, 1024px\" \/><\/figure>\n\n\n\n<p><br><br>&#8220;Estos espacios est\u00e1n destinados exclusivamente para el ascenso y descenso de los estudiantes, no para estacionamiento de padres ni vecinos. Esto nos ha permitido aliviar el congestionamiento vehicular en horarios cr\u00edticos y mejorar la fluidez del tr\u00e1nsito&#8221;, explic\u00f3 Acinas.<br><br>CORREDORES Y PERSONAL ASIGNADO<br><br>Para garantizar la operatividad del programa, se cuenta con un equipo de 200 auxiliares escolares distribuidos en tres turnos: ma\u00f1ana, intermedio y tarde. Adem\u00e1s, la Direcci\u00f3n de Seguridad Vial dispone de 20 agentes espec\u00edficos para los ingresos y egresos de las escuelas, y la Direcci\u00f3n General de Tr\u00e1nsito colabora con alrededor de 80 agentes que regulan la circulaci\u00f3n en las calles cercanas a los establecimientos educativos.<\/p>\n\n\n\n<figure class=\"wp-block-image size-large\"><img loading=\"lazy\" decoding=\"async\" width=\"1024\" height=\"675\" src=\"https:\/\/corrientesdetarde.com\/wp-content\/uploads\/2025\/03\/image-388-1024x675.png\" alt=\"\" class=\"wp-image-195947\" srcset=\"https:\/\/corrientesdetarde.com\/wp-content\/uploads\/2025\/03\/image-388-1024x675.png 1024w, https:\/\/corrientesdetarde.com\/wp-content\/uploads\/2025\/03\/image-388-300x198.png 300w, https:\/\/corrientesdetarde.com\/wp-content\/uploads\/2025\/03\/image-388-768x506.png 768w, https:\/\/corrientesdetarde.com\/wp-content\/uploads\/2025\/03\/image-388.png 1262w\" sizes=\"auto, (max-width: 1024px) 100vw, 1024px\" \/><\/figure>\n\n\n\n<p><br><br>Entre las calles incluidas en los corredores se encuentran:<br><br>&#8211; Quintana 1100 y 900<br><br>&#8211; San Juan 700<br><br>&#8211; 9 de Julio al 1100<br><br>&#8211; Pellegrini al 1100<br><br>&#8211; 25 de Mayo entre Rioja y San Juan<br><br>&#8211; 25 de Mayo entre Buenos Aires y Tucum\u00e1n<br><br>&#8211; Buenos Aires entre 25 de Mayo y Pellegrini<br><br>&#8211; Buenos Aires entre 9 de Julio y Jun\u00edn<br><br>Adem\u00e1s, en los barrios se cubren establecimientos como la Escuela 14 y la Escuela 444, entre muchas otras.<\/p>\n\n\n\n<p><br><br>AUXILIARES ESCOLARES<br><br>Desde hace dos a\u00f1os, se incorpor\u00f3 la figura de los auxiliares escolares, personal de distintas \u00e1reas municipales que trabajan a contraturno y son capacitados en conducci\u00f3n de tr\u00e1nsito. &#8220;Lo interesante es que en su mayor\u00eda son vecinos de la zona, lo que facilita la cercan\u00eda y el v\u00ednculo con alumnos, tutores y docentes. Esto nos permiti\u00f3 generar mayor empat\u00eda y un trato m\u00e1s personalizado&#8221;, se\u00f1al\u00f3 el subsecretario de Tr\u00e1nsito y Seguridad Vial.<br><br>El programa, que comenz\u00f3 con 11 escuelas en el microcentro, hoy alcanza m\u00e1s de 20 instituciones en toda la ciudad, incluyendo barrios alejados del centro.<\/p>\n\n\n\n<figure class=\"wp-block-image size-large\"><img loading=\"lazy\" decoding=\"async\" width=\"1024\" height=\"668\" src=\"https:\/\/corrientesdetarde.com\/wp-content\/uploads\/2025\/03\/image-389-1024x668.png\" alt=\"\" class=\"wp-image-195948\" srcset=\"https:\/\/corrientesdetarde.com\/wp-content\/uploads\/2025\/03\/image-389-1024x668.png 1024w, https:\/\/corrientesdetarde.com\/wp-content\/uploads\/2025\/03\/image-389-300x196.png 300w, https:\/\/corrientesdetarde.com\/wp-content\/uploads\/2025\/03\/image-389-768x501.png 768w, https:\/\/corrientesdetarde.com\/wp-content\/uploads\/2025\/03\/image-389.png 1253w\" sizes=\"auto, (max-width: 1024px) 100vw, 1024px\" \/><\/figure>\n\n\n\n<p><br><br>PERSPECTIVAS Y EXPANSI\u00d3N<br><br>Acinas confirm\u00f3 que la intenci\u00f3n es seguir expandiendo Entornos Escolares para cubrir la totalidad de las 55 escuelas primarias y de nivel inicial de la ciudad. &#8220;Cada a\u00f1o iniciamos con una readecuaci\u00f3n del personal y a partir de abril comenzamos a sumar nuevas instituciones. Lo ideal es llegar a todas, aunque sabemos que es un proceso gradual&#8221;, explic\u00f3.<br><br>El \u00e9xito del programa gener\u00f3 inter\u00e9s en diversas instituciones y vecinos que solicitan su implementaci\u00f3n en m\u00e1s establecimientos educativos. &#8220;Comenzamos como una prueba piloto y hoy ya estamos presentes en casi todos los barrios. La demanda crece y seguiremos trabajando para responder a las necesidades de la comunidad&#8221;, concluy\u00f3 Acinas.<\/p>\n","protected":false},"excerpt":{"rendered":"<p>El sistema implementado por la Municipalidad de Corrientes logr\u00f3 en los \u00faltimos a\u00f1os reducir la congesti\u00f3n vehicular en horarios cr\u00edticos y fortalecer el v\u00ednculo con la comunidad educativa. Este a\u00f1o,&hellip; <\/p>\n","protected":false},"author":4,"featured_media":195949,"comment_status":"closed","ping_status":"open","sticky":false,"template":"","format":"standard","meta":{"footnotes":""},"categories":[23],"tags":[],"class_list":["post-195937","post","type-post","status-publish","format-standard","has-post-thumbnail","hentry","category-actualidad"],"_links":{"self":[{"href":"https:\/\/corrientesdetarde.com\/index.php\/wp-json\/wp\/v2\/posts\/195937","targetHints":{"allow":["GET"]}}],"collection":[{"href":"https:\/\/corrientesdetarde.com\/index.php\/wp-json\/wp\/v2\/posts"}],"about":[{"href":"https:\/\/corrientesdetarde.com\/index.php\/wp-json\/wp\/v2\/types\/post"}],"author":[{"embeddable":true,"href":"https:\/\/corrientesdetarde.com\/index.php\/wp-json\/wp\/v2\/users\/4"}],"replies":[{"embeddable":true,"href":"https:\/\/corrientesdetarde.com\/index.php\/wp-json\/wp\/v2\/comments?post=195937"}],"version-history":[{"count":1,"href":"https:\/\/corrientesdetarde.com\/index.php\/wp-json\/wp\/v2\/posts\/195937\/revisions"}],"predecessor-version":[{"id":195950,"href":"https:\/\/corrientesdetarde.com\/index.php\/wp-json\/wp\/v2\/posts\/195937\/revisions\/195950"}],"wp:featuredmedia":[{"embeddable":true,"href":"https:\/\/corrientesdetarde.com\/index.php\/wp-json\/wp\/v2\/media\/195949"}],"wp:attachment":[{"href":"https:\/\/corrientesdetarde.com\/index.php\/wp-json\/wp\/v2\/media?parent=195937"}],"wp:term":[{"taxonomy":"category","embeddable":true,"href":"https:\/\/corrientesdetarde.com\/index.php\/wp-json\/wp\/v2\/categories?post=195937"},{"taxonomy":"post_tag","embeddable":true,"href":"https:\/\/corrientesdetarde.com\/index.php\/wp-json\/wp\/v2\/tags?post=195937"}],"curies":[{"name":"wp","href":"https:\/\/api.w.org\/{rel}","templated":true}]}}