{"id":195938,"date":"2025-03-11T19:59:39","date_gmt":"2025-03-11T22:59:39","guid":{"rendered":"https:\/\/corrientesdetarde.com\/?p=195938"},"modified":"2025-03-11T19:59:44","modified_gmt":"2025-03-11T22:59:44","slug":"valdes-visitara-san-antonio-de-apipe-e-ituzaingo-con-una-agenda-de-entregas-e-inauguraciones","status":"publish","type":"post","link":"https:\/\/corrientesdetarde.com\/index.php\/actualidad\/valdes-visitara-san-antonio-de-apipe-e-ituzaingo-con-una-agenda-de-entregas-e-inauguraciones\/","title":{"rendered":"Vald\u00e9s visitar\u00e1 San Antonio de Apip\u00e9 e Ituzaing\u00f3 con una agenda de entregas e inauguraciones"},"content":{"rendered":"\n<p>El gobernador Gustavo Vald\u00e9s realizar\u00e1 una visita a las localidades de San Antonio de Apip\u00e9 e Ituzaing\u00f3 los d\u00edas 12 y 13 de marzo, con una agenda que incluye la entrega de notebooks del programa &#8220;Incluir Futuro&#8221;, la entrega de viviendas, la inauguraci\u00f3n de obras educativas y de infraestructura vial, y la habilitaci\u00f3n de un nuevo cuartel de bomberos.<\/p>\n\n\n\n<p>El mi\u00e9rcoles 12 a las 10, la actividad comenzar\u00e1 en San Antonio de Apip\u00e9 con la entrega de 20 viviendas de INVICO en Apip\u00e9 Grande. Luego, en el Colegio Secundario &#8220;Dr. Adolfo Contte&#8221;, se entregar\u00e1n notebooks en el marco del programa &#8220;Incluir Futuro&#8221; a las 10.30. Posteriormente, a las 11.30 en Apip\u00e9 Chico, se llevar\u00e1 a cabo la inauguraci\u00f3n de la ampliaci\u00f3n y refacciones de la Escuela N.\u00ba 219 y la entrega de m\u00e1s viviendas a las 12.30. En tanto a las 18.30, en Ituzaing\u00f3, se inaugurar\u00e1 el asfaltado de 28 cuadras en el barrio &#8220;Islas Malvinas&#8221;.<\/p>\n\n\n\n<p>El jueves 13 en Ituzaing\u00f3, la jornada iniciar\u00e1 a las 9.30 con la entrega de notebooks del programa &#8220;Incluir Futuro&#8221; en el Polideportivo Municipal. Luego, a las 10.30, se proceder\u00e1 a la inauguraci\u00f3n del nuevo cuartel de bomberos, ubicado en la intersecci\u00f3n de las calles 9 de Julio y Paran\u00e1.<\/p>\n","protected":false},"excerpt":{"rendered":"<p>El gobernador Gustavo Vald\u00e9s realizar\u00e1 una visita a las localidades de San Antonio de Apip\u00e9 e Ituzaing\u00f3 los d\u00edas 12 y 13 de marzo, con una agenda que incluye la&hellip; <\/p>\n","protected":false},"author":4,"featured_media":195944,"comment_status":"closed","ping_status":"open","sticky":false,"template":"","format":"standard","meta":{"footnotes":""},"categories":[23],"tags":[],"class_list":["post-195938","post","type-post","status-publish","format-standard","has-post-thumbnail","hentry","category-actualidad"],"_links":{"self":[{"href":"https:\/\/corrientesdetarde.com\/index.php\/wp-json\/wp\/v2\/posts\/195938","targetHints":{"allow":["GET"]}}],"collection":[{"href":"https:\/\/corrientesdetarde.com\/index.php\/wp-json\/wp\/v2\/posts"}],"about":[{"href":"https:\/\/corrientesdetarde.com\/index.php\/wp-json\/wp\/v2\/types\/post"}],"author":[{"embeddable":true,"href":"https:\/\/corrientesdetarde.com\/index.php\/wp-json\/wp\/v2\/users\/4"}],"replies":[{"embeddable":true,"href":"https:\/\/corrientesdetarde.com\/index.php\/wp-json\/wp\/v2\/comments?post=195938"}],"version-history":[{"count":1,"href":"https:\/\/corrientesdetarde.com\/index.php\/wp-json\/wp\/v2\/posts\/195938\/revisions"}],"predecessor-version":[{"id":195945,"href":"https:\/\/corrientesdetarde.com\/index.php\/wp-json\/wp\/v2\/posts\/195938\/revisions\/195945"}],"wp:featuredmedia":[{"embeddable":true,"href":"https:\/\/corrientesdetarde.com\/index.php\/wp-json\/wp\/v2\/media\/195944"}],"wp:attachment":[{"href":"https:\/\/corrientesdetarde.com\/index.php\/wp-json\/wp\/v2\/media?parent=195938"}],"wp:term":[{"taxonomy":"category","embeddable":true,"href":"https:\/\/corrientesdetarde.com\/index.php\/wp-json\/wp\/v2\/categories?post=195938"},{"taxonomy":"post_tag","embeddable":true,"href":"https:\/\/corrientesdetarde.com\/index.php\/wp-json\/wp\/v2\/tags?post=195938"}],"curies":[{"name":"wp","href":"https:\/\/api.w.org\/{rel}","templated":true}]}}