{"id":195958,"date":"2025-03-11T20:35:33","date_gmt":"2025-03-11T23:35:33","guid":{"rendered":"https:\/\/corrientesdetarde.com\/?p=195958"},"modified":"2025-03-12T08:17:57","modified_gmt":"2025-03-12T11:17:57","slug":"allanamiento-en-corrientes-lograron-rescatar-a-menores-victimas-de-trata-y-detuvieron-a-tres-personas-por-el-hecho","status":"publish","type":"post","link":"https:\/\/corrientesdetarde.com\/index.php\/actualidad\/allanamiento-en-corrientes-lograron-rescatar-a-menores-victimas-de-trata-y-detuvieron-a-tres-personas-por-el-hecho\/","title":{"rendered":"Allanamiento en Corrientes: lograron rescatar a menores v\u00edctimas de trata y detuvieron a tres personas por el hecho"},"content":{"rendered":"\n<p>Dos allanamientos concretados en la ma\u00f1ana de ayer en el asentamiento pr\u00f3ximo a la curtiembre y en el barrio Quilmes de la capital correntina posibilitaron la desarticulaci\u00f3n de una presunta red criminal dedicada a la trata y explotaci\u00f3n sexual de menores de edad. La Polic\u00eda detuvo a dos mujeres y un hombre mayores y rescataron a tres menores y una chica de 20 a\u00f1os con discapacidad mental. En las viviendas hallaron dispositivos electr\u00f3nicos de almacenamiento de im\u00e1genes, tel\u00e9fonos, vaselina y un cuaderno con extra\u00f1os dibujos hechos por los chicos, de sumo inter\u00e9s para la investigaci\u00f3n.<\/p>\n\n\n\n<p>Las redadas se llevaron a cabo en la ma\u00f1ana de ayer por orden del juez de Garant\u00edas N\u00b04, Leandro Andr\u00e9s Maciel, en dos viviendas, una ubicada en el asentamiento del barrio Patono, m\u00e1s precisamente al costado de la curtiembre donde la Polic\u00eda detuvo a un hombre identificado como E. E. Fern\u00e1ndez, de 42 a\u00f1os, y a N. B. Arce de 42.<\/p>\n\n\n\n<p>En ese lugar procedieron al rescate y resguardo legal un menor de 8 a\u00f1os, otro de 9, un adolescente de 16 a\u00f1os y una jovencita de 24 a\u00f1os que padece retraso mental moderado.<\/p>\n\n\n\n<p><\/p>\n\n\n\n<figure class=\"wp-block-image\"><img decoding=\"async\" src=\"https:\/\/www.diarioepoca.com\/content\/bucket\/4\/1419064h720.jpg.webp\" alt=\"epc120325-015f02.jpg\"\/><figcaption class=\"wp-element-caption\">LOS MENORES Y UNA DE LAS DETENIDAS EN EL PATIO DE LA CASA DURANTE EL CATEO.<\/figcaption><\/figure>\n\n\n\n<figure class=\"wp-block-image\"><img decoding=\"async\" src=\"https:\/\/www.diarioepoca.com\/content\/bucket\/5\/1419065h720.jpg.webp\" alt=\"epc120325-015f03.jpg\"\/><figcaption class=\"wp-element-caption\">LOS DIBUJOS EVIDENCIAR\u00cdAN LOS ABUSOS.<\/figcaption><\/figure>\n\n\n\n<figure class=\"wp-block-image\"><img decoding=\"async\" src=\"https:\/\/www.diarioepoca.com\/content\/bucket\/6\/1419066h720.jpg.webp\" alt=\"epc120325-015f04.jpg\"\/><figcaption class=\"wp-element-caption\">DOS SOSPECHOSOS M\u00c1S DEMORADOS EN EL LUGAR.<\/figcaption><\/figure>\n\n\n\n<figure class=\"wp-block-image\"><img decoding=\"async\" src=\"https:\/\/www.diarioepoca.com\/content\/bucket\/7\/1419067h720.jpg.webp\" alt=\"epc120325-015f05.jpg\"\/><figcaption class=\"wp-element-caption\">TEL\u00c9FONOS Y CUADERNOS HALLADOS EN LAS DOS CASAS.<\/figcaption><\/figure>\n\n\n\n<p><\/p>\n\n\n\n<p>Durante la requisa, los efectivos de la Unidad Especial Trata de Personas, juntamente con el personal de la Direcci\u00f3n General de Delitos Complejos y Delitos Inform\u00e1ticos, incautaron cinco tel\u00e9fonos celulares de distintas marcas y modelos, as\u00ed como un pendrive para almacenamiento de im\u00e1genes, un chip para tel\u00e9fono celular, un frasco de vaselina l\u00edquida pura, una crema marca \u00e1tomo desinflamante, un CD tipo DVR y un cuadernillo con dibujos que realizaban los menores.<\/p>\n\n\n\n<p>El segundo allanamiento registr\u00f3 y secuestr\u00f3 del material de inter\u00e9s para la investigaci\u00f3n, se realiz\u00f3 en un domicilio ubicado en uno de los pasillos del barrio Quilmes, intersecci\u00f3n con la avenida Iber\u00e1, donde los efectivos policiales arrestaron a la segunda mujer identificada como G. N. Arce de 35 a\u00f1os. En su vivienda la Polic\u00eda encontr\u00f3 otros cinco celulares, una tablet, un pendrive, un chip sin referencia, una tarjeta de memoria de 16 GB y otro cuaderno con algunos dibujos y escritos.<\/p>\n\n\n\n<h2 class=\"wp-block-heading\">Investigaci\u00f3n abierta<\/h2>\n\n\n\n<p>Fuentes inobjetables del caso indicaron que la investigaci\u00f3n que llevaba un tiempo habr\u00eda surgido tras una denuncia formulada oportunamente luego del testimonio de una adolescente de 16 a\u00f1os, hija de una de las mujeres detenidas, quien habr\u00eda brindado detalles de los sometimientos a los que eran forzados los menores en las viviendas. Todo parece indicar que los menores eran ofrecidos por los adultos, incluso uno de ellos que en este caso ser\u00eda el padrastro, podr\u00eda hasta haber perpetrado abusos sexuales contra ellos y se filmaba. Con los elementos incautados durante los allanamientos, la titular de la Unidad Fiscal de Investigaciones Concretas N\u00b03, Mar\u00eda Andrea Gonz\u00e1lez, comenz\u00f3 a armar el caso que llegado el momento transferir\u00e1 a la Justicia federal, indicaron allegados.<\/p>\n\n\n\n<p>Las dos detenidas fueron alojadas en la sede de la Comisar\u00eda de la Mujer y el Menor N\u00b02, en tanto que el hombre arrestado en los allanamientos fue trasladado y alojado en la Comisar\u00eda Novena. En cuanto a los menores, quedaron a resguardo de los efectivos de la Comisar\u00eda de la Mujer y el Menor N\u00b01. La Justicia orden\u00f3 la realizaci\u00f3n de C\u00e1mara Gesell para todos ellos para saber a trav\u00e9s de sus relatos cu\u00e1l era la relaci\u00f3n entre los menores y los adultos y si recibieron alg\u00fan tipo de abuso.<\/p>\n\n\n\n<figure class=\"wp-block-image\"><img decoding=\"async\" src=\"https:\/\/www.lt7noticias.com\/content\/bucket\/9\/73849w790h444c.webp.webp\" alt=\"\"\/><\/figure>\n","protected":false},"excerpt":{"rendered":"<p>Dos allanamientos concretados en la ma\u00f1ana de ayer en el asentamiento pr\u00f3ximo a la curtiembre y en el barrio Quilmes de la capital correntina posibilitaron la desarticulaci\u00f3n de una presunta&hellip; <\/p>\n","protected":false},"author":4,"featured_media":196021,"comment_status":"closed","ping_status":"open","sticky":false,"template":"","format":"standard","meta":{"footnotes":""},"categories":[23,33],"tags":[],"class_list":["post-195958","post","type-post","status-publish","format-standard","has-post-thumbnail","hentry","category-actualidad","category-policiales"],"_links":{"self":[{"href":"https:\/\/corrientesdetarde.com\/index.php\/wp-json\/wp\/v2\/posts\/195958","targetHints":{"allow":["GET"]}}],"collection":[{"href":"https:\/\/corrientesdetarde.com\/index.php\/wp-json\/wp\/v2\/posts"}],"about":[{"href":"https:\/\/corrientesdetarde.com\/index.php\/wp-json\/wp\/v2\/types\/post"}],"author":[{"embeddable":true,"href":"https:\/\/corrientesdetarde.com\/index.php\/wp-json\/wp\/v2\/users\/4"}],"replies":[{"embeddable":true,"href":"https:\/\/corrientesdetarde.com\/index.php\/wp-json\/wp\/v2\/comments?post=195958"}],"version-history":[{"count":5,"href":"https:\/\/corrientesdetarde.com\/index.php\/wp-json\/wp\/v2\/posts\/195958\/revisions"}],"predecessor-version":[{"id":196022,"href":"https:\/\/corrientesdetarde.com\/index.php\/wp-json\/wp\/v2\/posts\/195958\/revisions\/196022"}],"wp:featuredmedia":[{"embeddable":true,"href":"https:\/\/corrientesdetarde.com\/index.php\/wp-json\/wp\/v2\/media\/196021"}],"wp:attachment":[{"href":"https:\/\/corrientesdetarde.com\/index.php\/wp-json\/wp\/v2\/media?parent=195958"}],"wp:term":[{"taxonomy":"category","embeddable":true,"href":"https:\/\/corrientesdetarde.com\/index.php\/wp-json\/wp\/v2\/categories?post=195958"},{"taxonomy":"post_tag","embeddable":true,"href":"https:\/\/corrientesdetarde.com\/index.php\/wp-json\/wp\/v2\/tags?post=195958"}],"curies":[{"name":"wp","href":"https:\/\/api.w.org\/{rel}","templated":true}]}}