{"id":195961,"date":"2025-03-11T20:42:56","date_gmt":"2025-03-11T23:42:56","guid":{"rendered":"https:\/\/corrientesdetarde.com\/?p=195961"},"modified":"2025-03-12T08:21:33","modified_gmt":"2025-03-12T11:21:33","slug":"dan-de-baja-a-todos-los-contratos-de-obras-en-rutas-nacionales-que-pasara-con-la-autovia-12","status":"publish","type":"post","link":"https:\/\/corrientesdetarde.com\/index.php\/informacion-general\/dan-de-baja-a-todos-los-contratos-de-obras-en-rutas-nacionales-que-pasara-con-la-autovia-12\/","title":{"rendered":"Dan de baja a todos los contratos de obras en rutas nacionales: \u00bfqu\u00e9 pasar\u00e1 con la Autov\u00eda 12?"},"content":{"rendered":"\n<p>El Gobierno Nacional emiti\u00f3 una comunicaci\u00f3n en la que se anunciaba la cancelaci\u00f3n de varios acuerdos. Desde el distrito Corrientes del organismo explicaron qu\u00e9 ocurrir\u00e1 con las principales construcciones en la provincia.<\/p>\n\n\n\n<p>Se conoci\u00f3 un comunicado de Vialidad Nacional en la que se informaba a todas las jurisdicciones sobre la cancelaci\u00f3n de contratos de obras. Esto encendi\u00f3 las alarmas por lo que podr\u00eda ocurrir con la reactiva obra de la Autov\u00eda 12.<\/p>\n\n\n\n<p>David Moulin, titular de Vialidad Nacional de Corrientes, fue entrevistado por Radio LT7 y dio detalles de c\u00f3mo vienen trabajando. Se espera que no haya mayores cambios.<\/p>\n\n\n\n<p>&#8220;Es una nota que el jueves envi\u00f3 casa central, pero no es una normativa expresa y despu\u00e9s salieron a dar unos par\u00e1metros de esa nota&#8221;, explic\u00f3. Agreg\u00f3 que en realidad se refer\u00eda &#8220;a ciertas obras&#8221; que quedaron abiertas y que no cerraron los ciclos de expedientes de 2018 y 2019.<\/p>\n\n\n\n<p>&#8220;No afecta a las obras que se est\u00e1n llevando a cabo en Corrientes&#8221;, revel\u00f3 el funcionario. Las obra de la autov\u00eda 12 y de mejoras en la 14 ya fueron calificadas de prioritarias, coment\u00f3.<\/p>\n\n\n\n<p>&#8220;No tuvo una redacci\u00f3n que fue la mejor&#8221;, admiti\u00f3 Moulin hablando del malentendido que se gener\u00f3 en medios de comunicaci\u00f3n. A tal punto fue la preocupaci\u00f3n que desde la empresa que lleva adelante las obras de la Autov\u00eda pidieron una reuni\u00f3n en la que se les explic\u00f3 lo que ocurr\u00eda.<\/p>\n\n\n\n<h2 class=\"wp-block-heading\">\u00bfC\u00f3mo viene la obra de la Autov\u00eda?<\/h2>\n\n\n\n<p>Moulin dijo que las obras de la Autov\u00eda sobre la Ruta Nacional 12 entre Corrientes y Santa Ana continuar\u00e1n. Ahora cambiaron la manera de trabajar.<\/p>\n\n\n\n<p>Anteriormente, se realizaban obras en varios puntos, ahora priorizan uno en espec\u00edfico. Actualmente es la construcci\u00f3n de un paso sobrenivel a la altura de la calle Verona, cerca de la cancha de Boca Unidos.<\/p>\n\n\n\n<p>El avance de la obra estar\u00eda cerca del 60%. &#8220;Nos gustar\u00eda imprimirle m\u00e1s ritmo, pero depende de los financiamientos que van apareciendo para la empresa&#8221;, admiti\u00f3 el titular de Vialidad Nacional distrito Corrientes.<\/p>\n\n\n\n<p>Consultado sobre posibles despidos en el organismo, asegur\u00f3 que no ten\u00eda informaci\u00f3n pero coment\u00f3 que &#8220;el Gobierno Nacional est\u00e1 haciendo recortes a los efectos de hacer un estado m\u00e1s chico y eficiente&#8221;.<\/p>\n","protected":false},"excerpt":{"rendered":"<p>El Gobierno Nacional emiti\u00f3 una comunicaci\u00f3n en la que se anunciaba la cancelaci\u00f3n de varios acuerdos. Desde el distrito Corrientes del organismo explicaron qu\u00e9 ocurrir\u00e1 con las principales construcciones en&hellip; <\/p>\n","protected":false},"author":4,"featured_media":195962,"comment_status":"closed","ping_status":"open","sticky":false,"template":"","format":"standard","meta":{"footnotes":""},"categories":[1],"tags":[],"class_list":["post-195961","post","type-post","status-publish","format-standard","has-post-thumbnail","hentry","category-informacion-general"],"_links":{"self":[{"href":"https:\/\/corrientesdetarde.com\/index.php\/wp-json\/wp\/v2\/posts\/195961","targetHints":{"allow":["GET"]}}],"collection":[{"href":"https:\/\/corrientesdetarde.com\/index.php\/wp-json\/wp\/v2\/posts"}],"about":[{"href":"https:\/\/corrientesdetarde.com\/index.php\/wp-json\/wp\/v2\/types\/post"}],"author":[{"embeddable":true,"href":"https:\/\/corrientesdetarde.com\/index.php\/wp-json\/wp\/v2\/users\/4"}],"replies":[{"embeddable":true,"href":"https:\/\/corrientesdetarde.com\/index.php\/wp-json\/wp\/v2\/comments?post=195961"}],"version-history":[{"count":1,"href":"https:\/\/corrientesdetarde.com\/index.php\/wp-json\/wp\/v2\/posts\/195961\/revisions"}],"predecessor-version":[{"id":195963,"href":"https:\/\/corrientesdetarde.com\/index.php\/wp-json\/wp\/v2\/posts\/195961\/revisions\/195963"}],"wp:featuredmedia":[{"embeddable":true,"href":"https:\/\/corrientesdetarde.com\/index.php\/wp-json\/wp\/v2\/media\/195962"}],"wp:attachment":[{"href":"https:\/\/corrientesdetarde.com\/index.php\/wp-json\/wp\/v2\/media?parent=195961"}],"wp:term":[{"taxonomy":"category","embeddable":true,"href":"https:\/\/corrientesdetarde.com\/index.php\/wp-json\/wp\/v2\/categories?post=195961"},{"taxonomy":"post_tag","embeddable":true,"href":"https:\/\/corrientesdetarde.com\/index.php\/wp-json\/wp\/v2\/tags?post=195961"}],"curies":[{"name":"wp","href":"https:\/\/api.w.org\/{rel}","templated":true}]}}