{"id":196028,"date":"2025-03-12T09:16:56","date_gmt":"2025-03-12T12:16:56","guid":{"rendered":"https:\/\/corrientesdetarde.com\/?p=196028"},"modified":"2025-03-12T09:17:02","modified_gmt":"2025-03-12T12:17:02","slug":"ciclo-escritores-correntinos-un-homenaje-a-la-voluntad-y-el-talento-de-zachary-halfon","status":"publish","type":"post","link":"https:\/\/corrientesdetarde.com\/index.php\/eventos\/ciclo-escritores-correntinos-un-homenaje-a-la-voluntad-y-el-talento-de-zachary-halfon\/","title":{"rendered":"CICLO ESCRITORES CORRENTINOS: Un homenaje a la voluntad y el talento de Zachary Halfon"},"content":{"rendered":"\n<p>Con el impulso del Vicegobernador de la provincia, Dr. Pedro Braillard Poccard, dio inicio un nuevo ciclo de &#8220;Escritores Correntinos&#8221; en la Biblioteca de la Legislatura de Corrientes. La jornada, coordinada por la profesora Silvia Pozo, tuvo como protagonista la presentaci\u00f3n del libro \u201cLo importante es el chip\u201d, obra del escritor Zachary Halfon.<\/p>\n\n\n\n<p>La emotiva presentaci\u00f3n destac\u00f3 no solo la calidad literaria del libro, sino tambi\u00e9n la inspiradora historia de su autor. Halfon padece Ataxia de Friedrich, una enfermedad degenerativa que afecta el sistema nervioso central y compromete progresivamente la movilidad. Debido a esta condici\u00f3n, est\u00e1 en silla de ruedas y se comunica a trav\u00e9s de su madre, quien act\u00faa como su amanuense.<\/p>\n\n\n\n<figure class=\"wp-block-image size-large\"><img loading=\"lazy\" decoding=\"async\" width=\"1024\" height=\"683\" src=\"https:\/\/corrientesdetarde.com\/wp-content\/uploads\/2025\/03\/Imagen-de-WhatsApp-2025-03-12-a-las-08.46.25_dccfd90e-1024x683.jpg\" alt=\"\" class=\"wp-image-196039\" srcset=\"https:\/\/corrientesdetarde.com\/wp-content\/uploads\/2025\/03\/Imagen-de-WhatsApp-2025-03-12-a-las-08.46.25_dccfd90e-1024x683.jpg 1024w, https:\/\/corrientesdetarde.com\/wp-content\/uploads\/2025\/03\/Imagen-de-WhatsApp-2025-03-12-a-las-08.46.25_dccfd90e-300x200.jpg 300w, https:\/\/corrientesdetarde.com\/wp-content\/uploads\/2025\/03\/Imagen-de-WhatsApp-2025-03-12-a-las-08.46.25_dccfd90e-768x512.jpg 768w, https:\/\/corrientesdetarde.com\/wp-content\/uploads\/2025\/03\/Imagen-de-WhatsApp-2025-03-12-a-las-08.46.25_dccfd90e-1536x1024.jpg 1536w, https:\/\/corrientesdetarde.com\/wp-content\/uploads\/2025\/03\/Imagen-de-WhatsApp-2025-03-12-a-las-08.46.25_dccfd90e.jpg 1599w\" sizes=\"auto, (max-width: 1024px) 100vw, 1024px\" \/><\/figure>\n\n\n\n<figure class=\"wp-block-image size-large\"><img loading=\"lazy\" decoding=\"async\" width=\"1024\" height=\"683\" src=\"https:\/\/corrientesdetarde.com\/wp-content\/uploads\/2025\/03\/Imagen-de-WhatsApp-2025-03-12-a-las-08.46.24_060a1b40-1024x683.jpg\" alt=\"\" class=\"wp-image-196038\" srcset=\"https:\/\/corrientesdetarde.com\/wp-content\/uploads\/2025\/03\/Imagen-de-WhatsApp-2025-03-12-a-las-08.46.24_060a1b40-1024x683.jpg 1024w, https:\/\/corrientesdetarde.com\/wp-content\/uploads\/2025\/03\/Imagen-de-WhatsApp-2025-03-12-a-las-08.46.24_060a1b40-300x200.jpg 300w, https:\/\/corrientesdetarde.com\/wp-content\/uploads\/2025\/03\/Imagen-de-WhatsApp-2025-03-12-a-las-08.46.24_060a1b40-768x512.jpg 768w, https:\/\/corrientesdetarde.com\/wp-content\/uploads\/2025\/03\/Imagen-de-WhatsApp-2025-03-12-a-las-08.46.24_060a1b40-1536x1024.jpg 1536w, https:\/\/corrientesdetarde.com\/wp-content\/uploads\/2025\/03\/Imagen-de-WhatsApp-2025-03-12-a-las-08.46.24_060a1b40.jpg 1599w\" sizes=\"auto, (max-width: 1024px) 100vw, 1024px\" \/><\/figure>\n\n\n\n<p>Durante el evento, Avelino N\u00fa\u00f1ez presidente de la SADE Corrientes subray\u00f3 el impacto de la obra y la determinaci\u00f3n de su autor. &#8220;Zachary utiliz\u00f3 a su madre y a su mejor amigo para llevar adelante la escritura de esta obra. Las cosas que \u00e9l expresa en estas p\u00e1ginas nos dejan pasmados por la manera en que enfrent\u00f3 la enfermedad, nos muestra c\u00f3mo vivi\u00f3 la amistad, el amor y c\u00f3mo conquist\u00f3 a trav\u00e9s del intelecto&#8221;, expres\u00f3 N\u00fa\u00f1ez.<\/p>\n\n\n\n<p>Adem\u00e1s, la obra invita a una profunda reflexi\u00f3n sobre la empat\u00eda y la discriminaci\u00f3n hacia quienes enfrentan desaf\u00edos motrices. &#8220;Nos damos cuenta de cu\u00e1nto falta para que la empat\u00eda alcance el nivel que una persona con una enfermedad necesita para sentirse bien. Sin embargo, Zachary tiene la capacidad de encontrar un destello filos\u00f3fico y humor\u00edstico incluso en medio de la adversidad&#8221;, agreg\u00f3 N\u00fa\u00f1ez.<\/p>\n\n\n\n<p>Zachary Halfon, reconocido como el &#8220;poeta correntino&#8221; por la Sociedad Argentina de Escritores (SADE) filial Corrientes, ha enriquecido la biblioteca literaria con obras que evocan versos po\u00e9ticos cargados de sensibilidad y profundidad. En \u201cLo importante es el chip\u201d, narra en primera persona las vicisitudes que ha enfrentado desde el diagn\u00f3stico de su enfermedad. La obra refleja la lucha constante por superar barreras f\u00edsicas y emocionales, evidenciando que lo esencial no est\u00e1 en el cuerpo, sino en la mente y el esp\u00edritu.<\/p>\n\n\n\n<p>El amor, la amistad y la educaci\u00f3n son algunos de los pilares que Halfon aborda en su libro. Desde su silla de ruedas, demuestra que la voluntad y el talento pueden sobreponerse a cualquier obst\u00e1culo. La met\u00e1fora que da t\u00edtulo a su obra resume su filosof\u00eda de vida: lo fundamental es el chip. Su mensaje es claro: estamos ante un ser humano que, con esfuerzo y determinaci\u00f3n, sigue adelante y deja una huella en la literatura y en la sociedad.<\/p>\n\n\n\n<figure class=\"wp-block-image size-large\"><img loading=\"lazy\" decoding=\"async\" width=\"1024\" height=\"576\" src=\"https:\/\/corrientesdetarde.com\/wp-content\/uploads\/2025\/03\/Imagen-de-WhatsApp-2025-03-12-a-las-08.46.23_e23f6ddf-1024x576.jpg\" alt=\"\" class=\"wp-image-196036\" srcset=\"https:\/\/corrientesdetarde.com\/wp-content\/uploads\/2025\/03\/Imagen-de-WhatsApp-2025-03-12-a-las-08.46.23_e23f6ddf-1024x576.jpg 1024w, https:\/\/corrientesdetarde.com\/wp-content\/uploads\/2025\/03\/Imagen-de-WhatsApp-2025-03-12-a-las-08.46.23_e23f6ddf-300x169.jpg 300w, https:\/\/corrientesdetarde.com\/wp-content\/uploads\/2025\/03\/Imagen-de-WhatsApp-2025-03-12-a-las-08.46.23_e23f6ddf-768x432.jpg 768w, https:\/\/corrientesdetarde.com\/wp-content\/uploads\/2025\/03\/Imagen-de-WhatsApp-2025-03-12-a-las-08.46.23_e23f6ddf-1536x864.jpg 1536w, https:\/\/corrientesdetarde.com\/wp-content\/uploads\/2025\/03\/Imagen-de-WhatsApp-2025-03-12-a-las-08.46.23_e23f6ddf.jpg 1599w\" sizes=\"auto, (max-width: 1024px) 100vw, 1024px\" \/><\/figure>\n","protected":false},"excerpt":{"rendered":"<p>Con el impulso del Vicegobernador de la provincia, Dr. Pedro Braillard Poccard, dio inicio un nuevo ciclo de &#8220;Escritores Correntinos&#8221; en la Biblioteca de la Legislatura de Corrientes. La jornada,&hellip; <\/p>\n","protected":false},"author":1,"featured_media":196037,"comment_status":"closed","ping_status":"open","sticky":false,"template":"","format":"standard","meta":{"footnotes":""},"categories":[22],"tags":[],"class_list":["post-196028","post","type-post","status-publish","format-standard","has-post-thumbnail","hentry","category-eventos"],"_links":{"self":[{"href":"https:\/\/corrientesdetarde.com\/index.php\/wp-json\/wp\/v2\/posts\/196028","targetHints":{"allow":["GET"]}}],"collection":[{"href":"https:\/\/corrientesdetarde.com\/index.php\/wp-json\/wp\/v2\/posts"}],"about":[{"href":"https:\/\/corrientesdetarde.com\/index.php\/wp-json\/wp\/v2\/types\/post"}],"author":[{"embeddable":true,"href":"https:\/\/corrientesdetarde.com\/index.php\/wp-json\/wp\/v2\/users\/1"}],"replies":[{"embeddable":true,"href":"https:\/\/corrientesdetarde.com\/index.php\/wp-json\/wp\/v2\/comments?post=196028"}],"version-history":[{"count":1,"href":"https:\/\/corrientesdetarde.com\/index.php\/wp-json\/wp\/v2\/posts\/196028\/revisions"}],"predecessor-version":[{"id":196040,"href":"https:\/\/corrientesdetarde.com\/index.php\/wp-json\/wp\/v2\/posts\/196028\/revisions\/196040"}],"wp:featuredmedia":[{"embeddable":true,"href":"https:\/\/corrientesdetarde.com\/index.php\/wp-json\/wp\/v2\/media\/196037"}],"wp:attachment":[{"href":"https:\/\/corrientesdetarde.com\/index.php\/wp-json\/wp\/v2\/media?parent=196028"}],"wp:term":[{"taxonomy":"category","embeddable":true,"href":"https:\/\/corrientesdetarde.com\/index.php\/wp-json\/wp\/v2\/categories?post=196028"},{"taxonomy":"post_tag","embeddable":true,"href":"https:\/\/corrientesdetarde.com\/index.php\/wp-json\/wp\/v2\/tags?post=196028"}],"curies":[{"name":"wp","href":"https:\/\/api.w.org\/{rel}","templated":true}]}}