{"id":196041,"date":"2025-03-12T09:39:41","date_gmt":"2025-03-12T12:39:41","guid":{"rendered":"https:\/\/corrientesdetarde.com\/?p=196041"},"modified":"2025-03-12T09:39:45","modified_gmt":"2025-03-12T12:39:45","slug":"conductor-correntino-choco-y-mato-a-un-motociclista","status":"publish","type":"post","link":"https:\/\/corrientesdetarde.com\/index.php\/policiales\/conductor-correntino-choco-y-mato-a-un-motociclista\/","title":{"rendered":"Conductor correntino choc\u00f3 y mat\u00f3 a un motociclista"},"content":{"rendered":"\n<p>Este martes, un motociclista de 32 a\u00f1os muri\u00f3 en un terrible accidente sobre avenida Sarmiento de la ciudad chaque\u00f1a de Resistencia. El hecho sucedi\u00f3 pasadas las 5 de la ma\u00f1ana de este martes.<\/p>\n\n\n\n<p><\/p>\n\n\n\n<p>Seg\u00fan inform\u00f3 la Polic\u00eda, pasadas las 5 de la ma\u00f1ana de este martes 11 de marzo un motociclista de 32 a\u00f1os, identificado como Osvaldo Fabio Sebasti\u00e1n, perdi\u00f3 la vida en un accidente de tr\u00e1nsito sobre la Avenida Sarmiento al 2420.<\/p>\n\n\n\n<p>El hombre que perdi\u00f3 la vida iba a bordo de una motocicleta marca Honda Biz 125 cc. y habr\u00eda sido embestido por un autom\u00f3vil marca Ford Fiesta, guiado por un hombre de 37 a\u00f1os con domicilio en Riachuelo, Corrientes.<\/p>\n\n\n\n<p>El fallecido fue identificado por su hermano y examinado por el m\u00e9dico que lleg\u00f3 en la ambulancia quien manifest\u00f3 que ya se encontraba sin signos vitales.<\/p>\n\n\n\n<p>La Fiscal de turno, Ingrid Wenner, dispuso la intervenci\u00f3n del Gabinete Cient\u00edfico, y se le realice prueba de alcoholemia al conductor del autom\u00f3vil.<\/p>\n","protected":false},"excerpt":{"rendered":"<p>Este martes, un motociclista de 32 a\u00f1os muri\u00f3 en un terrible accidente sobre avenida Sarmiento de la ciudad chaque\u00f1a de Resistencia. El hecho sucedi\u00f3 pasadas las 5 de la ma\u00f1ana&hellip; <\/p>\n","protected":false},"author":1,"featured_media":196042,"comment_status":"closed","ping_status":"open","sticky":false,"template":"","format":"standard","meta":{"footnotes":""},"categories":[33],"tags":[],"class_list":["post-196041","post","type-post","status-publish","format-standard","has-post-thumbnail","hentry","category-policiales"],"_links":{"self":[{"href":"https:\/\/corrientesdetarde.com\/index.php\/wp-json\/wp\/v2\/posts\/196041","targetHints":{"allow":["GET"]}}],"collection":[{"href":"https:\/\/corrientesdetarde.com\/index.php\/wp-json\/wp\/v2\/posts"}],"about":[{"href":"https:\/\/corrientesdetarde.com\/index.php\/wp-json\/wp\/v2\/types\/post"}],"author":[{"embeddable":true,"href":"https:\/\/corrientesdetarde.com\/index.php\/wp-json\/wp\/v2\/users\/1"}],"replies":[{"embeddable":true,"href":"https:\/\/corrientesdetarde.com\/index.php\/wp-json\/wp\/v2\/comments?post=196041"}],"version-history":[{"count":1,"href":"https:\/\/corrientesdetarde.com\/index.php\/wp-json\/wp\/v2\/posts\/196041\/revisions"}],"predecessor-version":[{"id":196043,"href":"https:\/\/corrientesdetarde.com\/index.php\/wp-json\/wp\/v2\/posts\/196041\/revisions\/196043"}],"wp:featuredmedia":[{"embeddable":true,"href":"https:\/\/corrientesdetarde.com\/index.php\/wp-json\/wp\/v2\/media\/196042"}],"wp:attachment":[{"href":"https:\/\/corrientesdetarde.com\/index.php\/wp-json\/wp\/v2\/media?parent=196041"}],"wp:term":[{"taxonomy":"category","embeddable":true,"href":"https:\/\/corrientesdetarde.com\/index.php\/wp-json\/wp\/v2\/categories?post=196041"},{"taxonomy":"post_tag","embeddable":true,"href":"https:\/\/corrientesdetarde.com\/index.php\/wp-json\/wp\/v2\/tags?post=196041"}],"curies":[{"name":"wp","href":"https:\/\/api.w.org\/{rel}","templated":true}]}}