{"id":196250,"date":"2025-03-12T22:31:01","date_gmt":"2025-03-13T01:31:01","guid":{"rendered":"https:\/\/corrientesdetarde.com\/?p=196250"},"modified":"2025-03-13T07:34:49","modified_gmt":"2025-03-13T10:34:49","slug":"tom-volvio-a-los-brazos-de-su-dueno-quien-lo-recibio-con-un-beso","status":"publish","type":"post","link":"https:\/\/corrientesdetarde.com\/index.php\/destacados\/tom-volvio-a-los-brazos-de-su-dueno-quien-lo-recibio-con-un-beso\/","title":{"rendered":"&#8220;Tom&#8221; volvi\u00f3 a los brazos de su due\u00f1o quien lo recibi\u00f3 con un beso"},"content":{"rendered":"\n<p>La mascota de 6 meses fue sustra\u00eddo del balc\u00f3n de un vivienda en la madrugada de hoy en la capital provincial. El hecho qued\u00f3 registrado en c\u00e1maras de seguridad del lugar. Tras el rastreo respectivo la polic\u00eda localiz\u00f3 al presunto autor y al cachorro el cual oficia de ayuda terape\u00fatica del ni\u00f1o.&nbsp; &nbsp;<\/p>\n\n\n\n<p>Vale recordar que la mascota de nombre &#8220;Tom&#8221; fue sustra\u00edda esta madrugada, alrededor de las 6 de la ma\u00f1ana, desde un balc\u00f3n enrejado ubicado en &nbsp; Badajoz y Barcelona, en el barrio Apip\u00e9. Mar\u00eda, due\u00f1a del cachorro aclar\u00f3 sobre versiones que circularon al darse a conocer el video del robo: &#8220;Al perrito lo dej\u00e9 afuera no porque no lo quer\u00eda, sino solo para que haga sus necesidades. Hace 15 d\u00edas empec\u00e9 a ense\u00f1arle para poder tenerlo en el alquiler&#8221; explic\u00f3 la mujer quien agreg\u00f3 &#8220;mi beb\u00e9 se llama Bautista, tiene tres a\u00f1os y es epil\u00e9ptico. Ped\u00ed adoptar el perrito para que sea su compa\u00f1\u00eda y lo estoy buscando desesperada y pido por favor me lo devuelvan&#8221;, se\u00f1al\u00f3 afligida.<\/p>\n\n\n\n<p>Horas despu\u00e9s la polic\u00eda tom\u00f3 conocimiento del caso tras la vitalizaci\u00f3n de las im\u00e1genes del momento del robo e inici\u00f3 rastrillajes en zona del barrio Apip\u00e9, sin resultados positivos. Pero tras tener mayores detalles del cachorro de 6 meses realizaron tareas de rastreo en base a las secuencias f\u00edlmicas que fueron claves para dar con un domicilio del posible autor.<\/p>\n\n\n\n<p>As\u00ed llegaron a las calles Sicilia intersecci\u00f3n con Costanera Norte donde observaron &nbsp;a una persona que llevaba en brazos un perro &nbsp;de igual tama\u00f1o y al ver la patrulla policial solt\u00f3 el animal y emprendi\u00f3 su fuga hacia zona del bajo para el Rio.<\/p>\n\n\n\n<p>Luego de tal suceso se aperson\u00f3 la propietaria Maria E. con su hijo Sastian &nbsp;a quien &nbsp;se le hizo entrega de su mascota.&nbsp;<\/p>\n","protected":false},"excerpt":{"rendered":"<p>La mascota de 6 meses fue sustra\u00eddo del balc\u00f3n de un vivienda en la madrugada de hoy en la capital provincial. El hecho qued\u00f3 registrado en c\u00e1maras de seguridad del&hellip; <\/p>\n","protected":false},"author":4,"featured_media":196251,"comment_status":"closed","ping_status":"open","sticky":false,"template":"","format":"standard","meta":{"footnotes":""},"categories":[26,33],"tags":[],"class_list":["post-196250","post","type-post","status-publish","format-standard","has-post-thumbnail","hentry","category-destacados","category-policiales"],"_links":{"self":[{"href":"https:\/\/corrientesdetarde.com\/index.php\/wp-json\/wp\/v2\/posts\/196250","targetHints":{"allow":["GET"]}}],"collection":[{"href":"https:\/\/corrientesdetarde.com\/index.php\/wp-json\/wp\/v2\/posts"}],"about":[{"href":"https:\/\/corrientesdetarde.com\/index.php\/wp-json\/wp\/v2\/types\/post"}],"author":[{"embeddable":true,"href":"https:\/\/corrientesdetarde.com\/index.php\/wp-json\/wp\/v2\/users\/4"}],"replies":[{"embeddable":true,"href":"https:\/\/corrientesdetarde.com\/index.php\/wp-json\/wp\/v2\/comments?post=196250"}],"version-history":[{"count":1,"href":"https:\/\/corrientesdetarde.com\/index.php\/wp-json\/wp\/v2\/posts\/196250\/revisions"}],"predecessor-version":[{"id":196252,"href":"https:\/\/corrientesdetarde.com\/index.php\/wp-json\/wp\/v2\/posts\/196250\/revisions\/196252"}],"wp:featuredmedia":[{"embeddable":true,"href":"https:\/\/corrientesdetarde.com\/index.php\/wp-json\/wp\/v2\/media\/196251"}],"wp:attachment":[{"href":"https:\/\/corrientesdetarde.com\/index.php\/wp-json\/wp\/v2\/media?parent=196250"}],"wp:term":[{"taxonomy":"category","embeddable":true,"href":"https:\/\/corrientesdetarde.com\/index.php\/wp-json\/wp\/v2\/categories?post=196250"},{"taxonomy":"post_tag","embeddable":true,"href":"https:\/\/corrientesdetarde.com\/index.php\/wp-json\/wp\/v2\/tags?post=196250"}],"curies":[{"name":"wp","href":"https:\/\/api.w.org\/{rel}","templated":true}]}}