{"id":196259,"date":"2025-03-12T23:28:58","date_gmt":"2025-03-13T02:28:58","guid":{"rendered":"https:\/\/corrientesdetarde.com\/?p=196259"},"modified":"2025-03-12T23:29:01","modified_gmt":"2025-03-13T02:29:01","slug":"la-federacion-economica-de-corrientes-impulsa-el-desarrollo-local-con-el-proyecto-del-gaseoducto-punta-colorada","status":"publish","type":"post","link":"https:\/\/corrientesdetarde.com\/index.php\/economia\/la-federacion-economica-de-corrientes-impulsa-el-desarrollo-local-con-el-proyecto-del-gaseoducto-punta-colorada\/","title":{"rendered":"La Federaci\u00f3n Econ\u00f3mica de Corrientes impulsa el desarrollo local con el proyecto del Gaseoducto Punta Colorada"},"content":{"rendered":"\n<p>La Federaci\u00f3n Econ\u00f3mica de Corrientes (FEC) lanza una convocatoria dirigida a empresas correntinas para integrarse como proveedoras en las inversiones del Proyecto del Gaseoducto Punta Colorada, iniciativa que busca potenciar la participaci\u00f3n de los sectores productivos locales en una obra clave para el desarrollo energ\u00e9tico y econ\u00f3mico de la provincia.<\/p>\n\n\n\n<p>El proyecto del Gaseoducto Punta Colorada no solo marca un hito en la infraestructura energ\u00e9tica nacional, sino que representa una ventana de crecimiento sin precedentes para las empresas de Corrientes.<\/p>\n\n\n\n<p>La FEC, como impulsora del progreso provincial, facilita este espacio de vinculaci\u00f3n para que pymes, cooperativas y emprendimientos de todos los rubros accedan a oportunidades en el marco de esta obra estrat\u00e9gica, fortaleciendo as\u00ed la cadena de valor local.<\/p>\n\n\n\n<p>Declaraci\u00f3n clave:<br>&#8220;Este proyecto es una palanca para el desarrollo integral de Corrientes. Queremos que las empresas locales sean protagonistas de una obra que dinamizar\u00e1 empleo, tecnolog\u00eda y capacidades en nuestra provincia. Desde la FEC, trabajamos para que el crecimiento tenga ra\u00edces propias y alcance nacional&#8221;, afirm\u00f3 Jorge G\u00f3mez, titular de la Federaci\u00f3n.<\/p>\n\n\n\n<figure class=\"wp-block-image\"><img decoding=\"async\" src=\"https:\/\/www.radiodos.com.ar\/content\/bucket\/2\/257002w380h233c.jpg.webp\" alt=\"\"\/><\/figure>\n\n\n\n<p>Sectores prioritarios y beneficios<br>La convocatoria est\u00e1 abierta a empresas de todos los sectores, entre ellos:<br>&nbsp;Construcci\u00f3n y obra civil<br>&nbsp;Log\u00edstica y transporte<br>&nbsp;Insumos industriales y tecnolog\u00eda<br>&nbsp;Servicios profesionales (ingenier\u00eda, consultor\u00eda, seguridad)<br>&nbsp;Alimentaci\u00f3n y hospedaje (para personal en campo)<br>&nbsp;Entre otros<\/p>\n\n\n\n<p>Ventajas para las empresas participantes:<br>&nbsp;Visibilidad nacional: Participaci\u00f3n en proyectos de gran envergadura.<br>&nbsp;Fortalecimiento econ\u00f3mico: Retenci\u00f3n de talento y reinversi\u00f3n local.<br>&nbsp;Redes colaborativas: Vinculaci\u00f3n con actores estrat\u00e9gicos del sector.<\/p>\n\n\n\n<figure class=\"wp-block-image\"><img decoding=\"async\" src=\"https:\/\/www.radiodos.com.ar\/content\/bucket\/3\/257003w380h233c.jpg.webp\" alt=\"\"\/><\/figure>\n\n\n\n<p>\u00bfC\u00f3mo sumarse a la convocatoria?<br>Las empresas interesadas deben preinscribirse completando el formulario disponible en<br>https:\/\/forms.gle\/iq9UCmVDPN7KyXLF7 o contactando a la FEC mediante:<br>\ud83d\udce7 Correo:&nbsp;secretaria@fectes.ar<br>\ud83d\udcde Tel\u00e9fono3794659521<br>\ud83d\udccd Oficinas25 de mayo 1429<\/p>\n","protected":false},"excerpt":{"rendered":"<p>La Federaci\u00f3n Econ\u00f3mica de Corrientes (FEC) lanza una convocatoria dirigida a empresas correntinas para integrarse como proveedoras en las inversiones del Proyecto del Gaseoducto Punta Colorada, iniciativa que busca potenciar&hellip; <\/p>\n","protected":false},"author":4,"featured_media":196260,"comment_status":"closed","ping_status":"open","sticky":false,"template":"","format":"standard","meta":{"footnotes":""},"categories":[20],"tags":[],"class_list":["post-196259","post","type-post","status-publish","format-standard","has-post-thumbnail","hentry","category-economia"],"_links":{"self":[{"href":"https:\/\/corrientesdetarde.com\/index.php\/wp-json\/wp\/v2\/posts\/196259","targetHints":{"allow":["GET"]}}],"collection":[{"href":"https:\/\/corrientesdetarde.com\/index.php\/wp-json\/wp\/v2\/posts"}],"about":[{"href":"https:\/\/corrientesdetarde.com\/index.php\/wp-json\/wp\/v2\/types\/post"}],"author":[{"embeddable":true,"href":"https:\/\/corrientesdetarde.com\/index.php\/wp-json\/wp\/v2\/users\/4"}],"replies":[{"embeddable":true,"href":"https:\/\/corrientesdetarde.com\/index.php\/wp-json\/wp\/v2\/comments?post=196259"}],"version-history":[{"count":1,"href":"https:\/\/corrientesdetarde.com\/index.php\/wp-json\/wp\/v2\/posts\/196259\/revisions"}],"predecessor-version":[{"id":196261,"href":"https:\/\/corrientesdetarde.com\/index.php\/wp-json\/wp\/v2\/posts\/196259\/revisions\/196261"}],"wp:featuredmedia":[{"embeddable":true,"href":"https:\/\/corrientesdetarde.com\/index.php\/wp-json\/wp\/v2\/media\/196260"}],"wp:attachment":[{"href":"https:\/\/corrientesdetarde.com\/index.php\/wp-json\/wp\/v2\/media?parent=196259"}],"wp:term":[{"taxonomy":"category","embeddable":true,"href":"https:\/\/corrientesdetarde.com\/index.php\/wp-json\/wp\/v2\/categories?post=196259"},{"taxonomy":"post_tag","embeddable":true,"href":"https:\/\/corrientesdetarde.com\/index.php\/wp-json\/wp\/v2\/tags?post=196259"}],"curies":[{"name":"wp","href":"https:\/\/api.w.org\/{rel}","templated":true}]}}