{"id":196262,"date":"2025-03-12T23:30:57","date_gmt":"2025-03-13T02:30:57","guid":{"rendered":"https:\/\/corrientesdetarde.com\/?p=196262"},"modified":"2025-03-12T23:31:09","modified_gmt":"2025-03-13T02:31:09","slug":"corrientes-apunta-a-las-800-mil-toneladas-de-produccion-de-arroz","status":"publish","type":"post","link":"https:\/\/corrientesdetarde.com\/index.php\/politica\/corrientes-apunta-a-las-800-mil-toneladas-de-produccion-de-arroz\/","title":{"rendered":"Corrientes apunta a las 800 mil toneladas de producci\u00f3n de arroz"},"content":{"rendered":"\n<p>As\u00ed lo asegur\u00f3 el ministro de Producci\u00f3n, Claudio Anselmo.&nbsp;<\/p>\n\n\n\n<p>El ministro de Producci\u00f3n, Claudio Anselmo, en dialogo con el programa &#8220;Antes que se Imprima&#8221;, por Radio Dos, coment\u00f3 que Corrientes se encuentra en plena cosecha de arroz y que para esta temporada apunta a la producci\u00f3n de 800 mil toneladas. &#8220;Esto nos posicionar\u00eda como el principal productor y exportador&#8221;, destac\u00f3 y agreg\u00f3 que hay 110 mil hect\u00e1reas sembradas, una cifra que representa un r\u00e9cord para el sector.<\/p>\n\n\n\n<p>A su vez, indic\u00f3 que gran parte del arroz que se consume en Espa\u00f1a es de origen correntino. &#8220;Nuestras empresas est\u00e1n exportando a ese destino de forma muy destacada&#8221;, resalt\u00f3.&nbsp;<\/p>\n\n\n\n<p>Sobre el precio, dijo: &#8220;El arroz viene teniendo un buen precio, aunque no son los mejores. Siempre se sabe que la demanda y oferta es la que marca los precios, y hubo a\u00f1os en los que hubo poca producci\u00f3n por cuestiones clim\u00e1ticas y eso ha influido en los precios. Ahora son valores menos y como no tienen retenciones, permiten buenos negocios de exportaci\u00f3n&#8221;, valor\u00f3.&nbsp;<\/p>\n\n\n\n<p>Con una producci\u00f3n en crecimiento y un mercado en expansi\u00f3n, la cosecha r\u00e9cord de arroz en Corrientes marca un hito para la provincia y refuerza su papel estrat\u00e9gico en el sector agroindustrial argentino.<\/p>\n","protected":false},"excerpt":{"rendered":"<p>As\u00ed lo asegur\u00f3 el ministro de Producci\u00f3n, Claudio Anselmo.&nbsp; El ministro de Producci\u00f3n, Claudio Anselmo, en dialogo con el programa &#8220;Antes que se Imprima&#8221;, por Radio Dos, coment\u00f3 que Corrientes&hellip; <\/p>\n","protected":false},"author":4,"featured_media":196263,"comment_status":"closed","ping_status":"open","sticky":false,"template":"","format":"standard","meta":{"footnotes":""},"categories":[3],"tags":[],"class_list":["post-196262","post","type-post","status-publish","format-standard","has-post-thumbnail","hentry","category-politica"],"_links":{"self":[{"href":"https:\/\/corrientesdetarde.com\/index.php\/wp-json\/wp\/v2\/posts\/196262","targetHints":{"allow":["GET"]}}],"collection":[{"href":"https:\/\/corrientesdetarde.com\/index.php\/wp-json\/wp\/v2\/posts"}],"about":[{"href":"https:\/\/corrientesdetarde.com\/index.php\/wp-json\/wp\/v2\/types\/post"}],"author":[{"embeddable":true,"href":"https:\/\/corrientesdetarde.com\/index.php\/wp-json\/wp\/v2\/users\/4"}],"replies":[{"embeddable":true,"href":"https:\/\/corrientesdetarde.com\/index.php\/wp-json\/wp\/v2\/comments?post=196262"}],"version-history":[{"count":1,"href":"https:\/\/corrientesdetarde.com\/index.php\/wp-json\/wp\/v2\/posts\/196262\/revisions"}],"predecessor-version":[{"id":196264,"href":"https:\/\/corrientesdetarde.com\/index.php\/wp-json\/wp\/v2\/posts\/196262\/revisions\/196264"}],"wp:featuredmedia":[{"embeddable":true,"href":"https:\/\/corrientesdetarde.com\/index.php\/wp-json\/wp\/v2\/media\/196263"}],"wp:attachment":[{"href":"https:\/\/corrientesdetarde.com\/index.php\/wp-json\/wp\/v2\/media?parent=196262"}],"wp:term":[{"taxonomy":"category","embeddable":true,"href":"https:\/\/corrientesdetarde.com\/index.php\/wp-json\/wp\/v2\/categories?post=196262"},{"taxonomy":"post_tag","embeddable":true,"href":"https:\/\/corrientesdetarde.com\/index.php\/wp-json\/wp\/v2\/tags?post=196262"}],"curies":[{"name":"wp","href":"https:\/\/api.w.org\/{rel}","templated":true}]}}