{"id":196265,"date":"2025-03-12T23:55:12","date_gmt":"2025-03-13T02:55:12","guid":{"rendered":"https:\/\/corrientesdetarde.com\/?p=196265"},"modified":"2025-03-12T23:55:16","modified_gmt":"2025-03-13T02:55:16","slug":"ander-herrera-no-se-entreno-a-la-par-del-grupo-y-es-duda-en-boca","status":"publish","type":"post","link":"https:\/\/corrientesdetarde.com\/index.php\/deportes\/ander-herrera-no-se-entreno-a-la-par-del-grupo-y-es-duda-en-boca\/","title":{"rendered":"Ander Herrera no se entren\u00f3 a la par del grupo y es duda en Boca"},"content":{"rendered":"\n<h2 class=\"wp-block-heading\">El vasco sufri\u00f3 una sobrecarga muscular en el \u00faltimo entrenamiento.<\/h2>\n\n\n\n<p><strong>El vasco Ander Herrera encendi\u00f3 las alarmas en Boca tras entrenar diferenciado por una sobrecarga muscular, a pocos d\u00edas del duelo que deber\u00e1 afrontar Boca ante Defensa y Justicia.<\/strong><\/p>\n\n\n\n<p>Aunque no hay lesi\u00f3n confirmada, el cuerpo t\u00e9cnico decidi\u00f3 bajarle las cargas por precauci\u00f3n, ya que el futbolista de 35 a\u00f1os acumul\u00f3 varios partidos consecutivos como titular.<\/p>\n\n\n\n<p>El mediocampista espa\u00f1ol arrastra una sobrecarga muscular y, por recomendaci\u00f3n del cuerpo t\u00e9cnico, realiz\u00f3 trabajos diferenciados en el Centro de Entrenamiento de Ezeiza.<\/p>\n\n\n\n<p>Desde el club transmitieron tranquilidad, y aseguraron que la decisi\u00f3n de apartarlo del entrenamiento regular responde solo a una cuesti\u00f3n preventiva.<\/p>\n\n\n\n<p>Herrera viene de una racha de cuatro encuentros seguidos como titular tras superar un desgarro en el isquiotibial, lo que gener\u00f3 una gran exigencia f\u00edsica que podr\u00eda estar pasando factura.<\/p>\n\n\n\n<p>A pesar de la preocupaci\u00f3n inicial, en Boca conf\u00edan en que el ex PSG podr\u00e1 estar disponible para el choque ante Defensa y Justicia.<\/p>\n\n\n\n<p>Caso contrario al de Kevin Zen\u00f3n, quien tambi\u00e9n entren\u00f3 aprte y cuya presencia el domingo sigue en duda, ya que no se encuentra al ciento por ciento desde lo f\u00edsico.<\/p>\n\n\n\n<p>Boca recuperar\u00e1 jugadores clave para el pr\u00f3ximo compromiso, pero tambi\u00e9n enfrenta complicaciones debido al exigente calendario.<\/p>\n\n\n\n<p>Primero fue Zen\u00f3n quien present\u00f3 molestias f\u00edsicas y ahora se sum\u00f3 Herrera, quien fue figura en la reciente goleada contra Central C\u00f3rdoba.<\/p>\n\n\n\n<p>El entrenador Fernando Gago, por su parte, suma alternativas en caso de que Herrera o Zen\u00f3n no lleguen en condiciones.<\/p>\n\n\n\n<p>Tanto Tom\u00e1s Belmonte como Rodrigo Battaglia dejaron atr\u00e1s sus respectivas molestias musculares y ya trabajan a la par del grupo, por lo que se perfilan como opciones para ingresar en el mediocampo.<\/p>\n\n\n\n<p>Adem\u00e1s, el defensor Cristian Lema, quien sufri\u00f3 una lesi\u00f3n ligamentaria en el tobillo izquierdo en octubre de 2024, tambi\u00e9n volvi\u00f3 a estar disponible, aunque a\u00fan no fue citado por el entrenador.<\/p>\n","protected":false},"excerpt":{"rendered":"<p>El vasco sufri\u00f3 una sobrecarga muscular en el \u00faltimo entrenamiento. El vasco Ander Herrera encendi\u00f3 las alarmas en Boca tras entrenar diferenciado por una sobrecarga muscular, a pocos d\u00edas del&hellip; <\/p>\n","protected":false},"author":4,"featured_media":196266,"comment_status":"closed","ping_status":"open","sticky":false,"template":"","format":"standard","meta":{"footnotes":""},"categories":[4],"tags":[],"class_list":["post-196265","post","type-post","status-publish","format-standard","has-post-thumbnail","hentry","category-deportes"],"_links":{"self":[{"href":"https:\/\/corrientesdetarde.com\/index.php\/wp-json\/wp\/v2\/posts\/196265","targetHints":{"allow":["GET"]}}],"collection":[{"href":"https:\/\/corrientesdetarde.com\/index.php\/wp-json\/wp\/v2\/posts"}],"about":[{"href":"https:\/\/corrientesdetarde.com\/index.php\/wp-json\/wp\/v2\/types\/post"}],"author":[{"embeddable":true,"href":"https:\/\/corrientesdetarde.com\/index.php\/wp-json\/wp\/v2\/users\/4"}],"replies":[{"embeddable":true,"href":"https:\/\/corrientesdetarde.com\/index.php\/wp-json\/wp\/v2\/comments?post=196265"}],"version-history":[{"count":1,"href":"https:\/\/corrientesdetarde.com\/index.php\/wp-json\/wp\/v2\/posts\/196265\/revisions"}],"predecessor-version":[{"id":196267,"href":"https:\/\/corrientesdetarde.com\/index.php\/wp-json\/wp\/v2\/posts\/196265\/revisions\/196267"}],"wp:featuredmedia":[{"embeddable":true,"href":"https:\/\/corrientesdetarde.com\/index.php\/wp-json\/wp\/v2\/media\/196266"}],"wp:attachment":[{"href":"https:\/\/corrientesdetarde.com\/index.php\/wp-json\/wp\/v2\/media?parent=196265"}],"wp:term":[{"taxonomy":"category","embeddable":true,"href":"https:\/\/corrientesdetarde.com\/index.php\/wp-json\/wp\/v2\/categories?post=196265"},{"taxonomy":"post_tag","embeddable":true,"href":"https:\/\/corrientesdetarde.com\/index.php\/wp-json\/wp\/v2\/tags?post=196265"}],"curies":[{"name":"wp","href":"https:\/\/api.w.org\/{rel}","templated":true}]}}