{"id":196270,"date":"2025-03-13T07:41:47","date_gmt":"2025-03-13T10:41:47","guid":{"rendered":"https:\/\/corrientesdetarde.com\/?p=196270"},"modified":"2025-03-13T07:41:59","modified_gmt":"2025-03-13T10:41:59","slug":"por-el-paro-en-resistencia-funciona-una-sola-empresa-de-colectivos-interprovinciales","status":"publish","type":"post","link":"https:\/\/corrientesdetarde.com\/index.php\/informacion-general\/por-el-paro-en-resistencia-funciona-una-sola-empresa-de-colectivos-interprovinciales\/","title":{"rendered":"Por el paro en Resistencia, funciona una sola empresa de colectivos interprovinciales"},"content":{"rendered":"\n<p><strong>El servicio de transporte urbano e interurbano de Gran Resistencia se encuentra bajo una medida de fuerza desde hace dos d\u00edas.\u00a0<\/strong>Esto complica el traslado diario de cientos de pasajeros que deben cruzar de una ciudad a otra. El paro que inici\u00f3 el martes se extendi\u00f3 hasta este mi\u00e9rcoles y<strong>\u00a0a\u00fan no hay certezas de cu\u00e1ndo se podr\u00eda levantar.\u00a0<\/strong><\/p>\n\n\n\n<p><\/p>\n\n\n\n<p>Por segundo d\u00eda consecutivo, el servicio de colectivos en Chaco se encuentra paralizado debido a un paro del sector.&nbsp;<strong>Esto afecta directamente a los correntinos que deben trasladarse hacia las ciudades chaque\u00f1as de Resistencia o Barranqueras y chaque\u00f1os que deben llegar a Corrientes.<\/strong><\/p>\n\n\n\n<p>En este contexto, el servicio interprovincial que conecta ambas provincias funciona de manera reducida.&nbsp;<strong>La \u00fanica empresa que presta servicio este mi\u00e9rcoles es Ersa Urbano S.A.,<\/strong>&nbsp;que mantiene&nbsp;<strong>operativos todos sus ramales, aunque con frecuencias limitadas.<\/strong><\/p>\n\n\n\n<p>La informaci\u00f3n fue difundida en diversos grupos de WhatsApp, donde se detall\u00f3 que el estado del servicio es \u201creducido\u201d y se recomend\u00f3 a los pasajeros consultar los horarios actualizados en el sitio web de la Entidad Prestadora del Transporte (EP).<\/p>\n\n\n\n<p>El paro en el Gran Resistencia, que ya lleva dos d\u00edas, complica especialmente a trabajadores, estudiantes y otros ciudadanos que dependen del transporte p\u00fablico para movilizarse. Se recomienda prever demoras y evaluar alternativas para trasladarse entre ambas provincias.<\/p>\n","protected":false},"excerpt":{"rendered":"<p>El servicio de transporte urbano e interurbano de Gran Resistencia se encuentra bajo una medida de fuerza desde hace dos d\u00edas.\u00a0Esto complica el traslado diario de cientos de pasajeros que&hellip; <\/p>\n","protected":false},"author":1,"featured_media":196275,"comment_status":"closed","ping_status":"open","sticky":false,"template":"","format":"standard","meta":{"footnotes":""},"categories":[1],"tags":[],"class_list":["post-196270","post","type-post","status-publish","format-standard","has-post-thumbnail","hentry","category-informacion-general"],"_links":{"self":[{"href":"https:\/\/corrientesdetarde.com\/index.php\/wp-json\/wp\/v2\/posts\/196270","targetHints":{"allow":["GET"]}}],"collection":[{"href":"https:\/\/corrientesdetarde.com\/index.php\/wp-json\/wp\/v2\/posts"}],"about":[{"href":"https:\/\/corrientesdetarde.com\/index.php\/wp-json\/wp\/v2\/types\/post"}],"author":[{"embeddable":true,"href":"https:\/\/corrientesdetarde.com\/index.php\/wp-json\/wp\/v2\/users\/1"}],"replies":[{"embeddable":true,"href":"https:\/\/corrientesdetarde.com\/index.php\/wp-json\/wp\/v2\/comments?post=196270"}],"version-history":[{"count":1,"href":"https:\/\/corrientesdetarde.com\/index.php\/wp-json\/wp\/v2\/posts\/196270\/revisions"}],"predecessor-version":[{"id":196276,"href":"https:\/\/corrientesdetarde.com\/index.php\/wp-json\/wp\/v2\/posts\/196270\/revisions\/196276"}],"wp:featuredmedia":[{"embeddable":true,"href":"https:\/\/corrientesdetarde.com\/index.php\/wp-json\/wp\/v2\/media\/196275"}],"wp:attachment":[{"href":"https:\/\/corrientesdetarde.com\/index.php\/wp-json\/wp\/v2\/media?parent=196270"}],"wp:term":[{"taxonomy":"category","embeddable":true,"href":"https:\/\/corrientesdetarde.com\/index.php\/wp-json\/wp\/v2\/categories?post=196270"},{"taxonomy":"post_tag","embeddable":true,"href":"https:\/\/corrientesdetarde.com\/index.php\/wp-json\/wp\/v2\/tags?post=196270"}],"curies":[{"name":"wp","href":"https:\/\/api.w.org\/{rel}","templated":true}]}}