{"id":196271,"date":"2025-03-13T07:39:11","date_gmt":"2025-03-13T10:39:11","guid":{"rendered":"https:\/\/corrientesdetarde.com\/?p=196271"},"modified":"2025-03-13T07:39:29","modified_gmt":"2025-03-13T10:39:29","slug":"se-ahogo-en-el-rio-parana-por-buscar-una-pelota","status":"publish","type":"post","link":"https:\/\/corrientesdetarde.com\/index.php\/policiales\/se-ahogo-en-el-rio-parana-por-buscar-una-pelota\/","title":{"rendered":"Se ahog\u00f3 en el r\u00edo Paran\u00e1 por buscar una pelota"},"content":{"rendered":"\n<p>En Entre R\u00edos, un joven de 21 a\u00f1os muri\u00f3 luego de arrojarse al r\u00edo mientras disfrutaba de unos d\u00edas de vacaciones en la localidad de Santa Elena.<\/p>\n\n\n\n<p><\/p>\n\n\n\n<p>La polic\u00eda local indic\u00f3 que la v\u00edctima era del partido bonaerense de La Matanza y que perdi\u00f3 la vida tras meterse al r\u00edo para salvar una pelota que se le hab\u00eda ca\u00eddo en el agua.<\/p>\n\n\n\n<p>El hecho ocurri\u00f3 en el balneario municipal de Santa Elena, cerca de las 16:10 del martes, cuando el chico cruz\u00f3 la zona habilitada del r\u00edo para recuperarla.<\/p>\n\n\n\n<p>El medio La Sexta revel\u00f3 que los testigos indicaron que el joven &#8220;no dio pie y no sab\u00eda nadar&#8221;, por lo que comenz\u00f3 a ahogarse. Al parecer, un amigo quiso ayudarlo y \u00e9l empez\u00f3 a arrastrarlo, por lo que tuvo que soltarlo.<\/p>\n\n\n\n<p>El joven fue identificado como Logan Daniel Videla, que muri\u00f3 en unas playas que est\u00e1n ubicadas a 150 kil\u00f3metros de la capital provincial y tienen una extensi\u00f3n de 300 metros.<\/p>\n\n\n\n<p>En el lugar trabaj\u00f3 personal de la Comisar\u00eda de Santa Elena junto con efectivos de la Prefectura Naval Argentina (PNA).<\/p>\n\n\n\n<p><strong>Un pescador quiso recuperar el ancla de su lancha y muri\u00f3 ahogado<\/strong><\/p>\n\n\n\n<p>Un tr\u00e1gico episodio ocurri\u00f3 en la laguna Cuero de Zorro, ubicada en el partido bonaerense de Trenque Lauquen, donde un pescador fue encontrado ahogado luego de un intenso rastrillaje que se extendi\u00f3 durante tres d\u00edas.<\/p>\n\n\n\n<p>La v\u00edctima fue identificada como Brian Basconcelo, de la localidad de La Laguna, C\u00f3rdoba. El hombre hab\u00eda desaparecido este viernes tras arrojarse al agua para intentar recuperar el ancla de la lancha en la que navegaba junto a su padre y dos amigos. Sin embargo, a los pocos minutos de sumergirse, no volvi\u00f3 a salir a la superficie.<\/p>\n\n\n\n<p>Sus acompa\u00f1antes dieron aviso de inmediato a las autoridades y se activ\u00f3 un operativo de b\u00fasqueda que cont\u00f3 con la participaci\u00f3n de efectivos de 11 cuarteles de Bomberos Voluntarios y una brigada especializada en rescate acu\u00e1tico.<\/p>\n","protected":false},"excerpt":{"rendered":"<p>En Entre R\u00edos, un joven de 21 a\u00f1os muri\u00f3 luego de arrojarse al r\u00edo mientras disfrutaba de unos d\u00edas de vacaciones en la localidad de Santa Elena. La polic\u00eda local&hellip; <\/p>\n","protected":false},"author":1,"featured_media":196272,"comment_status":"closed","ping_status":"open","sticky":false,"template":"","format":"standard","meta":{"footnotes":""},"categories":[33],"tags":[],"class_list":["post-196271","post","type-post","status-publish","format-standard","has-post-thumbnail","hentry","category-policiales"],"_links":{"self":[{"href":"https:\/\/corrientesdetarde.com\/index.php\/wp-json\/wp\/v2\/posts\/196271","targetHints":{"allow":["GET"]}}],"collection":[{"href":"https:\/\/corrientesdetarde.com\/index.php\/wp-json\/wp\/v2\/posts"}],"about":[{"href":"https:\/\/corrientesdetarde.com\/index.php\/wp-json\/wp\/v2\/types\/post"}],"author":[{"embeddable":true,"href":"https:\/\/corrientesdetarde.com\/index.php\/wp-json\/wp\/v2\/users\/1"}],"replies":[{"embeddable":true,"href":"https:\/\/corrientesdetarde.com\/index.php\/wp-json\/wp\/v2\/comments?post=196271"}],"version-history":[{"count":2,"href":"https:\/\/corrientesdetarde.com\/index.php\/wp-json\/wp\/v2\/posts\/196271\/revisions"}],"predecessor-version":[{"id":196274,"href":"https:\/\/corrientesdetarde.com\/index.php\/wp-json\/wp\/v2\/posts\/196271\/revisions\/196274"}],"wp:featuredmedia":[{"embeddable":true,"href":"https:\/\/corrientesdetarde.com\/index.php\/wp-json\/wp\/v2\/media\/196272"}],"wp:attachment":[{"href":"https:\/\/corrientesdetarde.com\/index.php\/wp-json\/wp\/v2\/media?parent=196271"}],"wp:term":[{"taxonomy":"category","embeddable":true,"href":"https:\/\/corrientesdetarde.com\/index.php\/wp-json\/wp\/v2\/categories?post=196271"},{"taxonomy":"post_tag","embeddable":true,"href":"https:\/\/corrientesdetarde.com\/index.php\/wp-json\/wp\/v2\/tags?post=196271"}],"curies":[{"name":"wp","href":"https:\/\/api.w.org\/{rel}","templated":true}]}}