{"id":196277,"date":"2025-03-13T07:44:41","date_gmt":"2025-03-13T10:44:41","guid":{"rendered":"https:\/\/corrientesdetarde.com\/?p=196277"},"modified":"2025-03-13T07:44:45","modified_gmt":"2025-03-13T10:44:45","slug":"un-incendio-casi-afecta-a-la-escuela-rene-favaloro","status":"publish","type":"post","link":"https:\/\/corrientesdetarde.com\/index.php\/policiales\/un-incendio-casi-afecta-a-la-escuela-rene-favaloro\/","title":{"rendered":"Un incendio casi afecta a la escuela &#8220;Ren\u00e9 Favaloro&#8221;"},"content":{"rendered":"\n<p><br>Un incendio provocado por la quema de basura alarm\u00f3 a los vecinos del barrio Doctor Monta\u00f1a, en la ciudad de Corrientes y mantuvo en vilo a los vecinos.\u00a0<strong>El fuego se propag\u00f3 r\u00e1pidamente en la madrugada del mi\u00e9rcoles \u00a0y estuvo a punto de alcanzar las instalaciones de la Escuela Secundaria &#8220;Ren\u00e9 Favaloro&#8221;,\u00a0<\/strong>seg\u00fan se\u00f1alaron a este medio.\u00a0<\/p>\n\n\n\n<p><strong>Las llamas&nbsp;se originaron&nbsp;debido a la acci\u00f3n de alg\u00fan vecino que prendi\u00f3 fuego una cantidad de residuos en las inmediaciones del predio escolar.<\/strong>&nbsp;La cercan\u00eda del fuego con la escuela y un jard\u00edn de infantes gener\u00f3 a\u00fan m\u00e1s temor entre los residentes del barrio.<\/p>\n\n\n\n<p><br><strong>&nbsp;&#8220;Alguno prendi\u00f3 fuego y todo el predio est\u00e1 amarillo, se ir\u00e1 propagando por todo el lugar&#8221;,&nbsp;<\/strong>coment\u00f3 un vecino en un grupo de whatsapp un vecino preocupado por la situaci\u00f3n.&nbsp;<\/p>\n\n\n\n<p><br>Si bien se hab\u00eda solicitado la presencia de los bomberos, las brigadas se encontraban trabajando en otro incendio en la zona del Puente Negro. Sin embargo, la autobomba fue enviada de inmediato al barrio Doctor Monta\u00f1a para controlar el siniestro y evitar que las llamas alcanzaran los edificios escolares.<\/p>\n\n\n\n<p><br>&#8220;La gente no puede ser m\u00e1s irresponsable&#8221;, lament\u00f3 uno de los testigos del hecho, destacando la necesidad de mayor conciencia y precauci\u00f3n para prevenir situaciones que pongan en riesgo la seguridad de las personas y las instituciones educativas.<\/p>\n","protected":false},"excerpt":{"rendered":"<p>Un incendio provocado por la quema de basura alarm\u00f3 a los vecinos del barrio Doctor Monta\u00f1a, en la ciudad de Corrientes y mantuvo en vilo a los vecinos.\u00a0El fuego se&hellip; <\/p>\n","protected":false},"author":1,"featured_media":196279,"comment_status":"closed","ping_status":"open","sticky":false,"template":"","format":"standard","meta":{"footnotes":""},"categories":[33],"tags":[],"class_list":["post-196277","post","type-post","status-publish","format-standard","has-post-thumbnail","hentry","category-policiales"],"_links":{"self":[{"href":"https:\/\/corrientesdetarde.com\/index.php\/wp-json\/wp\/v2\/posts\/196277","targetHints":{"allow":["GET"]}}],"collection":[{"href":"https:\/\/corrientesdetarde.com\/index.php\/wp-json\/wp\/v2\/posts"}],"about":[{"href":"https:\/\/corrientesdetarde.com\/index.php\/wp-json\/wp\/v2\/types\/post"}],"author":[{"embeddable":true,"href":"https:\/\/corrientesdetarde.com\/index.php\/wp-json\/wp\/v2\/users\/1"}],"replies":[{"embeddable":true,"href":"https:\/\/corrientesdetarde.com\/index.php\/wp-json\/wp\/v2\/comments?post=196277"}],"version-history":[{"count":1,"href":"https:\/\/corrientesdetarde.com\/index.php\/wp-json\/wp\/v2\/posts\/196277\/revisions"}],"predecessor-version":[{"id":196280,"href":"https:\/\/corrientesdetarde.com\/index.php\/wp-json\/wp\/v2\/posts\/196277\/revisions\/196280"}],"wp:featuredmedia":[{"embeddable":true,"href":"https:\/\/corrientesdetarde.com\/index.php\/wp-json\/wp\/v2\/media\/196279"}],"wp:attachment":[{"href":"https:\/\/corrientesdetarde.com\/index.php\/wp-json\/wp\/v2\/media?parent=196277"}],"wp:term":[{"taxonomy":"category","embeddable":true,"href":"https:\/\/corrientesdetarde.com\/index.php\/wp-json\/wp\/v2\/categories?post=196277"},{"taxonomy":"post_tag","embeddable":true,"href":"https:\/\/corrientesdetarde.com\/index.php\/wp-json\/wp\/v2\/tags?post=196277"}],"curies":[{"name":"wp","href":"https:\/\/api.w.org\/{rel}","templated":true}]}}