{"id":196286,"date":"2025-03-13T09:02:58","date_gmt":"2025-03-13T12:02:58","guid":{"rendered":"https:\/\/corrientesdetarde.com\/?p=196286"},"modified":"2025-03-13T09:02:59","modified_gmt":"2025-03-13T12:02:59","slug":"el-estado-del-papa-ya-no-corre-peligro-inmediato","status":"publish","type":"post","link":"https:\/\/corrientesdetarde.com\/index.php\/informacion-general\/el-estado-del-papa-ya-no-corre-peligro-inmediato\/","title":{"rendered":"El estado del Papa: \u201cYa no corre peligro inmediato\u201d"},"content":{"rendered":"\n<p>El papa Francisco contin\u00faa hospitalizado en el hospital Gemelli de Roma desde el 14 de febrero debido a una neumon\u00eda en ambos pulmones, aunque su estado ya no es considerado cr\u00edtico.<\/p>\n\n\n\n<p>La Oficina de Prensa de la Santa Sede inform\u00f3 este jueves que el Pont\u00edfice pas\u00f3 una noche tranquila y que su evoluci\u00f3n sigue siendo favorable, aunque sin una fecha definida para su regreso al Vaticano.<\/p>\n\n\n\n<p>El lunes pasado, la Santa Sede confirm\u00f3 que Francisco \u201cya no corre peligro inmediato\u201d y que su pron\u00f3stico ya no es reservado. Sin embargo, el martes se\u00f1al\u00f3 que, aunque su estado es estable y muestra una leve mejor\u00eda, el cuadro sigue siendo \u201ccomplejo\u201d, por lo que los m\u00e9dicos han optado por una recuperaci\u00f3n cautelosa antes de darle el alta.<\/p>\n\n\n\n<p>En cuanto a su tratamiento, el mismo incluye c\u00e1nulas nasales de ox\u00edgeno a alto flujo durante el d\u00eda y el uso de una m\u00e1scara de ventilaci\u00f3n asistida por las noches, medidas que buscan garantizar una oxigenaci\u00f3n adecuada y evitar complicaciones respiratorias.<\/p>\n\n\n\n<p>Seg\u00fan el \u00faltimo parte m\u00e9dico del Hospital Gemelli, los an\u00e1lisis de sangre y la respuesta a la terapia farmacol\u00f3gica indican una recuperaci\u00f3n positiva, pero los especialistas han decidido mantener la hospitalizaci\u00f3n como medida de precauci\u00f3n para evitar posibles reca\u00eddas.<\/p>\n\n\n\n<p>A pesar de la evoluci\u00f3n favorable, Francisco ha reducido significativamente su agenda p\u00fablica, aunque ha continuado con algunas de sus tareas desde el hospital, incluyendo la firma de decretos y la recepci\u00f3n de colaboradores cercanos.<img decoding=\"async\" alt=\"Un grupo de peregrinos rusos se re\u00fane junto a la estatua de Juan Pablo II en la entrada del Hospital Gemelli, donde est\u00e1 hospitalizado el Papa Francisco\" src=\"https:\/\/pxcdn.ellitoral.com.ar\/litoral\/032025\/1741863635137.jpg?cw=807\"><\/p>\n\n\n\n<p>Un grupo de peregrinos rusos se re\u00fane junto a la estatua de Juan Pablo II en la entrada del Hospital Gemelli, donde est\u00e1 hospitalizado el Papa Francisco<\/p>\n\n\n\n<p>Uno de los principales interrogantes sigue siendo la participaci\u00f3n del Pont\u00edfice en las ceremonias de Semana Santa, previstas entre el 13 y el 20 de abril. La falta de una fecha definida para su alta m\u00e9dica ha generado dudas sobre su capacidad para presidir los eventos lit\u00fargicos m\u00e1s importantes del calendario cat\u00f3lico.<\/p>\n\n\n\n<p>Por el momento, el Vaticano no ha hecho anuncios oficiales sobre su posible presencia en las celebraciones, aunque fuentes cercanas indican que el Papa podr\u00eda delegar algunas funciones a cardenales de alto rango, como ya hizo durante su hospitalizaci\u00f3n.<\/p>\n\n\n\n<p>Desde su ingreso en el hospital, la salud del Papa ha sido motivo de preocupaci\u00f3n dentro y fuera del Vaticano. Su avanzada edad y su historial m\u00e9dico, que incluye la extirpaci\u00f3n parcial de un pulm\u00f3n en su juventud, hacen que los expertos adviertan que su recuperaci\u00f3n completa podr\u00eda tardar semanas.<\/p>\n\n\n\n<p>A lo largo de su papado, Francisco ha mantenido un ritmo de trabajo exigente, con viajes internacionales y una intensa actividad en la Santa Sede. En septiembre de 2024, realiz\u00f3 una gira de doce d\u00edas por Asia y el Pac\u00edfico, donde presidi\u00f3 multitudinarias misas al aire libre.<\/p>\n\n\n\n<p>Sin embargo, esta hospitalizaci\u00f3n prolongada podr\u00eda obligarlo a reducir su carga de trabajo en el futuro. Aunque en el pasado dej\u00f3 abierta la posibilidad de renunciar si su salud le imped\u00eda cumplir con sus funciones, en los \u00faltimos meses ha insistido en que el papado es un \u201ctrabajo de por vida\u201d.<img decoding=\"async\" alt=\"El pintor mexicano Roberto M\u00e1rquez coloca un retrato del papa Francisco afuera del Hospital Gemelli de Roma \" src=\"https:\/\/pxcdn.ellitoral.com.ar\/litoral\/032025\/1741863633644.jpg?cw=807\"><\/p>\n\n\n\n<p>El pintor mexicano Roberto M\u00e1rquez coloca un retrato del papa Francisco afuera del Hospital Gemelli de Roma<\/p>\n\n\n\n<p>Ante la gran atenci\u00f3n medi\u00e1tica sobre la salud del Papa, el Vaticano ha reiterado su compromiso con la transparencia en la informaci\u00f3n oficial, asegurando que \u201ccualquier cambio significativo en su estado ser\u00e1 comunicado oportunamente\u201d para evitar especulaciones o informaci\u00f3n err\u00f3nea.<\/p>\n\n\n\n<p>Por ahora, el Papa Francisco sigue en el Hospital Gemelli, bajo observaci\u00f3n m\u00e9dica y sin fecha definida para su regreso al Vaticano.<\/p>\n","protected":false},"excerpt":{"rendered":"<p>El papa Francisco contin\u00faa hospitalizado en el hospital Gemelli de Roma desde el 14 de febrero debido a una neumon\u00eda en ambos pulmones, aunque su estado ya no es considerado&hellip; <\/p>\n","protected":false},"author":1,"featured_media":190992,"comment_status":"closed","ping_status":"open","sticky":false,"template":"","format":"standard","meta":{"footnotes":""},"categories":[1],"tags":[],"class_list":["post-196286","post","type-post","status-publish","format-standard","has-post-thumbnail","hentry","category-informacion-general"],"_links":{"self":[{"href":"https:\/\/corrientesdetarde.com\/index.php\/wp-json\/wp\/v2\/posts\/196286","targetHints":{"allow":["GET"]}}],"collection":[{"href":"https:\/\/corrientesdetarde.com\/index.php\/wp-json\/wp\/v2\/posts"}],"about":[{"href":"https:\/\/corrientesdetarde.com\/index.php\/wp-json\/wp\/v2\/types\/post"}],"author":[{"embeddable":true,"href":"https:\/\/corrientesdetarde.com\/index.php\/wp-json\/wp\/v2\/users\/1"}],"replies":[{"embeddable":true,"href":"https:\/\/corrientesdetarde.com\/index.php\/wp-json\/wp\/v2\/comments?post=196286"}],"version-history":[{"count":1,"href":"https:\/\/corrientesdetarde.com\/index.php\/wp-json\/wp\/v2\/posts\/196286\/revisions"}],"predecessor-version":[{"id":196290,"href":"https:\/\/corrientesdetarde.com\/index.php\/wp-json\/wp\/v2\/posts\/196286\/revisions\/196290"}],"wp:featuredmedia":[{"embeddable":true,"href":"https:\/\/corrientesdetarde.com\/index.php\/wp-json\/wp\/v2\/media\/190992"}],"wp:attachment":[{"href":"https:\/\/corrientesdetarde.com\/index.php\/wp-json\/wp\/v2\/media?parent=196286"}],"wp:term":[{"taxonomy":"category","embeddable":true,"href":"https:\/\/corrientesdetarde.com\/index.php\/wp-json\/wp\/v2\/categories?post=196286"},{"taxonomy":"post_tag","embeddable":true,"href":"https:\/\/corrientesdetarde.com\/index.php\/wp-json\/wp\/v2\/tags?post=196286"}],"curies":[{"name":"wp","href":"https:\/\/api.w.org\/{rel}","templated":true}]}}