{"id":196287,"date":"2025-03-13T09:02:17","date_gmt":"2025-03-13T12:02:17","guid":{"rendered":"https:\/\/corrientesdetarde.com\/?p=196287"},"modified":"2025-03-13T09:02:29","modified_gmt":"2025-03-13T12:02:29","slug":"camioneta-de-la-policia-federal-volco-tras-ser-impactada-por-detras","status":"publish","type":"post","link":"https:\/\/corrientesdetarde.com\/index.php\/locales\/camioneta-de-la-policia-federal-volco-tras-ser-impactada-por-detras\/","title":{"rendered":"Camioneta de la Polic\u00eda Federal volc\u00f3 tras ser impactada por detr\u00e1s"},"content":{"rendered":"\n<p>Un m\u00f3vil de la Polic\u00eda Federal volc\u00f3 en la ma\u00f1ana de este jueves luego de ser impactado por otro veh\u00edculo en la ruta provincial 27, en Lavalle.<\/p>\n\n\n\n<p>Se trata del 8253, que era manejado por el cabo Giordano y llevaba de pasajero al Sargento Duarte. El veh\u00edculo de la fuerza proven\u00eda del 9 de julio y ten\u00eda destino la ciudad de Goya.<\/p>\n\n\n\n<p>Fuentes cercanas al hecho informaron que en acceso sur de Lavalle un autom\u00f3vil particular impact\u00f3 la parte trasera de la camioneta, lo que provoc\u00f3 la salida abrupta del camino y posterior vuelco. Tambi\u00e9n estuvo involucrado un cami\u00f3n municipal de la ciudad del interior.<\/p>\n\n\n\n<p>Solamente se tuvieron que lamentar da\u00f1os materiales, ning\u00fana persona sali\u00f3 herida.<\/p>\n","protected":false},"excerpt":{"rendered":"<p>Un m\u00f3vil de la Polic\u00eda Federal volc\u00f3 en la ma\u00f1ana de este jueves luego de ser impactado por otro veh\u00edculo en la ruta provincial 27, en Lavalle. Se trata del&hellip; <\/p>\n","protected":false},"author":1,"featured_media":196288,"comment_status":"closed","ping_status":"open","sticky":false,"template":"","format":"standard","meta":{"footnotes":""},"categories":[8,33],"tags":[],"class_list":["post-196287","post","type-post","status-publish","format-standard","has-post-thumbnail","hentry","category-locales","category-policiales"],"_links":{"self":[{"href":"https:\/\/corrientesdetarde.com\/index.php\/wp-json\/wp\/v2\/posts\/196287","targetHints":{"allow":["GET"]}}],"collection":[{"href":"https:\/\/corrientesdetarde.com\/index.php\/wp-json\/wp\/v2\/posts"}],"about":[{"href":"https:\/\/corrientesdetarde.com\/index.php\/wp-json\/wp\/v2\/types\/post"}],"author":[{"embeddable":true,"href":"https:\/\/corrientesdetarde.com\/index.php\/wp-json\/wp\/v2\/users\/1"}],"replies":[{"embeddable":true,"href":"https:\/\/corrientesdetarde.com\/index.php\/wp-json\/wp\/v2\/comments?post=196287"}],"version-history":[{"count":1,"href":"https:\/\/corrientesdetarde.com\/index.php\/wp-json\/wp\/v2\/posts\/196287\/revisions"}],"predecessor-version":[{"id":196289,"href":"https:\/\/corrientesdetarde.com\/index.php\/wp-json\/wp\/v2\/posts\/196287\/revisions\/196289"}],"wp:featuredmedia":[{"embeddable":true,"href":"https:\/\/corrientesdetarde.com\/index.php\/wp-json\/wp\/v2\/media\/196288"}],"wp:attachment":[{"href":"https:\/\/corrientesdetarde.com\/index.php\/wp-json\/wp\/v2\/media?parent=196287"}],"wp:term":[{"taxonomy":"category","embeddable":true,"href":"https:\/\/corrientesdetarde.com\/index.php\/wp-json\/wp\/v2\/categories?post=196287"},{"taxonomy":"post_tag","embeddable":true,"href":"https:\/\/corrientesdetarde.com\/index.php\/wp-json\/wp\/v2\/tags?post=196287"}],"curies":[{"name":"wp","href":"https:\/\/api.w.org\/{rel}","templated":true}]}}