{"id":196291,"date":"2025-03-13T09:10:27","date_gmt":"2025-03-13T12:10:27","guid":{"rendered":"https:\/\/corrientesdetarde.com\/?p=196291"},"modified":"2025-03-13T09:10:30","modified_gmt":"2025-03-13T12:10:30","slug":"con-mas-de-1-200-toneladas-de-donaciones-llego-el-tren-solidario-a-bahia-blanca","status":"publish","type":"post","link":"https:\/\/corrientesdetarde.com\/index.php\/sociales\/con-mas-de-1-200-toneladas-de-donaciones-llego-el-tren-solidario-a-bahia-blanca\/","title":{"rendered":"Con m\u00e1s de 1.200 toneladas de donaciones, lleg\u00f3 el tren solidario a Bah\u00eda Blanca"},"content":{"rendered":"\n<p>El tren solidario que hab\u00eda partido desde la estaci\u00f3n Constituci\u00f3n de la Ciudad de Buenos Aires arrib\u00f3 esta ma\u00f1ana a la estaci\u00f3n La Vit\u00edcola, a unos 20 kil\u00f3metros de Bah\u00eda Blanca, con una carga de m\u00e1s de 1.200 toneladas de donaciones que ser\u00e1n destinadas a los damnificados por el temporal del pasado 7 de marzo.<\/p>\n\n\n\n<p><\/p>\n\n\n\n<figure class=\"wp-block-image size-full\"><img loading=\"lazy\" decoding=\"async\" width=\"850\" height=\"478\" src=\"https:\/\/corrientesdetarde.com\/wp-content\/uploads\/2025\/03\/image-472.png\" alt=\"\" class=\"wp-image-196302\" srcset=\"https:\/\/corrientesdetarde.com\/wp-content\/uploads\/2025\/03\/image-472.png 850w, https:\/\/corrientesdetarde.com\/wp-content\/uploads\/2025\/03\/image-472-300x169.png 300w, https:\/\/corrientesdetarde.com\/wp-content\/uploads\/2025\/03\/image-472-768x432.png 768w\" sizes=\"auto, (max-width: 850px) 100vw, 850px\" \/><\/figure>\n\n\n\n<p><\/p>\n\n\n\n<p>La formaci\u00f3n que transporta alimentos, ropa, calzado y otros insumos esenciales, realiz\u00f3 paradas en distintas localidades bonaerense donde tambi\u00e9n se fueron cargando las donaciones para los damnificados de Bah\u00eda Blanca y de otras localidades como Carhue, Guamini y Coronel Su\u00e1rez, las que tambi\u00e9n sufrieron inconvenientes por el temporal.<\/p>\n\n\n\n<p>El tren lleg\u00f3 pasadas las 7.50 a la peque\u00f1a estaci\u00f3n La Vit\u00edcola, ubicada a la vera de la ruta nacional 33, a unos 20 kil\u00f3metros de Bah\u00eda Blanca y en la que se encontraban esperando distintos camiones con voluntarios para proceder con la descarga de las donaciones.<\/p>\n\n\n\n<p>En el lugar personal de las Fuerzas de Seguridad como Prefectura, Polic\u00eda Federal y Gendarmer\u00eda, entre otros, se hallaban a modo preventivo y con el fin de custodiar la carga la cual ser\u00e1 traslada a Bah\u00eda Blanca para posteriormente ser entregada en el marco de un operativo de log\u00edstica.<\/p>\n\n\n\n<p>La formaci\u00f3n traslad\u00f3 alimentos no perecederos, prendas de vestir, agua mineral y elementos de limpieza, entre otros elementos.<\/p>\n\n\n\n<figure class=\"wp-block-image size-large\"><img loading=\"lazy\" decoding=\"async\" width=\"1024\" height=\"576\" src=\"https:\/\/corrientesdetarde.com\/wp-content\/uploads\/2025\/03\/image-474-1024x576.png\" alt=\"\" class=\"wp-image-196304\" srcset=\"https:\/\/corrientesdetarde.com\/wp-content\/uploads\/2025\/03\/image-474-1024x576.png 1024w, https:\/\/corrientesdetarde.com\/wp-content\/uploads\/2025\/03\/image-474-300x169.png 300w, https:\/\/corrientesdetarde.com\/wp-content\/uploads\/2025\/03\/image-474-768x432.png 768w, https:\/\/corrientesdetarde.com\/wp-content\/uploads\/2025\/03\/image-474.png 1200w\" sizes=\"auto, (max-width: 1024px) 100vw, 1024px\" \/><\/figure>\n\n\n\n<p>Se trata de la cruzada n\u00famero 54 del &#8220;Tren Solidario&#8221;, una iniciativa nacida en 2001 de la revista Rieles para promover el uso del ferrocarril con finos humanitarios. En estos a\u00f1os transportaron m\u00e1s de 850.000 kilos de donaciones.<\/p>\n\n\n\n<p>La campa\u00f1a cuenta con el apoyo de gremios ferroviarios, Trenes Argentinos y otras entidades del sector.<\/p>\n\n\n\n<p>El Tren Solidario viene llevando adelante cruzadas desde el 2001, y durante estos a\u00f1os visitaron m\u00e1s de 48 localidades a lo largo y ancho del pa\u00eds, se recorrieron unos 31.778 kil\u00f3metros transportando 742.000 kilos de alimentos a poblados donde hace m\u00e1s de dos d\u00e9cadas que no llegan los trenes de pasajeros.<\/p>\n","protected":false},"excerpt":{"rendered":"<p>El tren solidario que hab\u00eda partido desde la estaci\u00f3n Constituci\u00f3n de la Ciudad de Buenos Aires arrib\u00f3 esta ma\u00f1ana a la estaci\u00f3n La Vit\u00edcola, a unos 20 kil\u00f3metros de Bah\u00eda&hellip; <\/p>\n","protected":false},"author":1,"featured_media":196303,"comment_status":"closed","ping_status":"open","sticky":false,"template":"","format":"standard","meta":{"footnotes":""},"categories":[17],"tags":[],"class_list":["post-196291","post","type-post","status-publish","format-standard","has-post-thumbnail","hentry","category-sociales"],"_links":{"self":[{"href":"https:\/\/corrientesdetarde.com\/index.php\/wp-json\/wp\/v2\/posts\/196291","targetHints":{"allow":["GET"]}}],"collection":[{"href":"https:\/\/corrientesdetarde.com\/index.php\/wp-json\/wp\/v2\/posts"}],"about":[{"href":"https:\/\/corrientesdetarde.com\/index.php\/wp-json\/wp\/v2\/types\/post"}],"author":[{"embeddable":true,"href":"https:\/\/corrientesdetarde.com\/index.php\/wp-json\/wp\/v2\/users\/1"}],"replies":[{"embeddable":true,"href":"https:\/\/corrientesdetarde.com\/index.php\/wp-json\/wp\/v2\/comments?post=196291"}],"version-history":[{"count":1,"href":"https:\/\/corrientesdetarde.com\/index.php\/wp-json\/wp\/v2\/posts\/196291\/revisions"}],"predecessor-version":[{"id":196305,"href":"https:\/\/corrientesdetarde.com\/index.php\/wp-json\/wp\/v2\/posts\/196291\/revisions\/196305"}],"wp:featuredmedia":[{"embeddable":true,"href":"https:\/\/corrientesdetarde.com\/index.php\/wp-json\/wp\/v2\/media\/196303"}],"wp:attachment":[{"href":"https:\/\/corrientesdetarde.com\/index.php\/wp-json\/wp\/v2\/media?parent=196291"}],"wp:term":[{"taxonomy":"category","embeddable":true,"href":"https:\/\/corrientesdetarde.com\/index.php\/wp-json\/wp\/v2\/categories?post=196291"},{"taxonomy":"post_tag","embeddable":true,"href":"https:\/\/corrientesdetarde.com\/index.php\/wp-json\/wp\/v2\/tags?post=196291"}],"curies":[{"name":"wp","href":"https:\/\/api.w.org\/{rel}","templated":true}]}}