{"id":196292,"date":"2025-03-13T09:08:11","date_gmt":"2025-03-13T12:08:11","guid":{"rendered":"https:\/\/corrientesdetarde.com\/?p=196292"},"modified":"2025-03-13T09:08:22","modified_gmt":"2025-03-13T12:08:22","slug":"liberaron-a-94-manifestantes-detenidos-por-los-incidentes-en-el-congreso","status":"publish","type":"post","link":"https:\/\/corrientesdetarde.com\/index.php\/sociales\/liberaron-a-94-manifestantes-detenidos-por-los-incidentes-en-el-congreso\/","title":{"rendered":"Liberaron a 94 manifestantes detenidos por los incidentes en el Congreso"},"content":{"rendered":"\n<p>En horas de la madrugada, se orden\u00f3 la liberaci\u00f3n de alrededor de 94 de los m\u00e1s de 120 manifestantes detenidos durante los enfrentamientos contra las fuerzas de seguridad en las inmediaciones del Congreso. As\u00ed lo confirmaron a LA NACION desde el Juzgado Penal Contravencional y de Faltas 15 de la ciudad de Buenos Aires, a cargo de la jueza Karina Andrade y fuentes de la Polic\u00eda de la Ciudad.<\/p>\n\n\n\n<p><\/p>\n\n\n\n<p>La decisi\u00f3n de la jueza se tom\u00f3 tras analizar la informaci\u00f3n proporcionada por la Defensor\u00eda P\u00fablica y considerar que las detenciones &#8220;afectan derechos constitucionales fundamentales, como el derecho a la protesta, la manifestaci\u00f3n en democracia y la libertad de expresi\u00f3n&#8221;.<\/p>\n\n\n\n<p>La magistrada destac\u00f3 que, &#8220;en un contexto como el actual, donde sectores vulnerables de la sociedad, como los adultos mayores, se encuentran involucrados, el Poder Judicial debe atender estos derechos de manera especial&#8221;.<\/p>\n\n\n\n<p>Andrade se\u00f1al\u00f3 que la complejidad de los derechos en juego impide aplicar el procedimiento de flagrancia y que, en todo caso, depender\u00e1 de la fiscal\u00eda estudiar cada uno de los casos para decidir avanzar con una detenci\u00f3n con causa. Por eso, con el objetivo de agilizar el proceso, la decisi\u00f3n fue comunicada disponiendo la inmediata liberaci\u00f3n de los detenidos.<\/p>\n","protected":false},"excerpt":{"rendered":"<p>En horas de la madrugada, se orden\u00f3 la liberaci\u00f3n de alrededor de 94 de los m\u00e1s de 120 manifestantes detenidos durante los enfrentamientos contra las fuerzas de seguridad en las&hellip; <\/p>\n","protected":false},"author":1,"featured_media":196300,"comment_status":"closed","ping_status":"open","sticky":false,"template":"","format":"standard","meta":{"footnotes":""},"categories":[33,17],"tags":[],"class_list":["post-196292","post","type-post","status-publish","format-standard","has-post-thumbnail","hentry","category-policiales","category-sociales"],"_links":{"self":[{"href":"https:\/\/corrientesdetarde.com\/index.php\/wp-json\/wp\/v2\/posts\/196292","targetHints":{"allow":["GET"]}}],"collection":[{"href":"https:\/\/corrientesdetarde.com\/index.php\/wp-json\/wp\/v2\/posts"}],"about":[{"href":"https:\/\/corrientesdetarde.com\/index.php\/wp-json\/wp\/v2\/types\/post"}],"author":[{"embeddable":true,"href":"https:\/\/corrientesdetarde.com\/index.php\/wp-json\/wp\/v2\/users\/1"}],"replies":[{"embeddable":true,"href":"https:\/\/corrientesdetarde.com\/index.php\/wp-json\/wp\/v2\/comments?post=196292"}],"version-history":[{"count":1,"href":"https:\/\/corrientesdetarde.com\/index.php\/wp-json\/wp\/v2\/posts\/196292\/revisions"}],"predecessor-version":[{"id":196301,"href":"https:\/\/corrientesdetarde.com\/index.php\/wp-json\/wp\/v2\/posts\/196292\/revisions\/196301"}],"wp:featuredmedia":[{"embeddable":true,"href":"https:\/\/corrientesdetarde.com\/index.php\/wp-json\/wp\/v2\/media\/196300"}],"wp:attachment":[{"href":"https:\/\/corrientesdetarde.com\/index.php\/wp-json\/wp\/v2\/media?parent=196292"}],"wp:term":[{"taxonomy":"category","embeddable":true,"href":"https:\/\/corrientesdetarde.com\/index.php\/wp-json\/wp\/v2\/categories?post=196292"},{"taxonomy":"post_tag","embeddable":true,"href":"https:\/\/corrientesdetarde.com\/index.php\/wp-json\/wp\/v2\/tags?post=196292"}],"curies":[{"name":"wp","href":"https:\/\/api.w.org\/{rel}","templated":true}]}}