{"id":196293,"date":"2025-03-13T09:06:53","date_gmt":"2025-03-13T12:06:53","guid":{"rendered":"https:\/\/corrientesdetarde.com\/?p=196293"},"modified":"2025-03-13T09:07:05","modified_gmt":"2025-03-13T12:07:05","slug":"secuestraron-500-millones-de-pesos-sin-aval-legal","status":"publish","type":"post","link":"https:\/\/corrientesdetarde.com\/index.php\/policiales\/secuestraron-500-millones-de-pesos-sin-aval-legal\/","title":{"rendered":"Secuestraron 500 millones de pesos sin aval legal"},"content":{"rendered":"\n<p>Personal de la Patrulla Fija &#8220;Santa Luc\u00eda&#8221; del Escuadr\u00f3n 48 &#8220;Corrientes&#8221; detuvo la marcha de una camioneta sobre la intersecci\u00f3n de las Rutas Nacionales N\u00ba 12 y N\u00ba 123 ocupada por dos ciudadanos de nacionalidad argentina, que circulaban desde la ciudad chaque\u00f1a de Resistencia hacia la localidad bonaerense de Liniers.<\/p>\n\n\n\n<p>&nbsp;Los gendarmes registraron el interior del rodado, detectando una valija, la cual conten\u00eda fajos con dinero en efectivo sin aval legal. Totalizando 514.310.000 pesos argentinos.<\/p>\n\n\n\n<p>En el hecho se cont\u00f3 con el apoyo de los efectivos de Delitos Econ\u00f3micos de la Unidad de Procedimientos Judiciales &#8220;Goya&#8221; y del Centro Internacional de An\u00e1lisis de Delitos Complejos en la Triple Frontera.<\/p>\n\n\n\n<p>Finalizando con el operativo, el Juzgado Federal de Goya orden\u00f3 el secuestro del dinero, dos celulares y del veh\u00edculo. Asimismo, los involucrados quedaron supeditados a la causa en infracci\u00f3n a la Ley 25.246 &#8220;Lavado de Activos&#8221;.<\/p>\n\n\n\n<figure class=\"wp-block-image size-full\"><img loading=\"lazy\" decoding=\"async\" width=\"790\" height=\"621\" src=\"https:\/\/corrientesdetarde.com\/wp-content\/uploads\/2025\/03\/image-469.png\" alt=\"\" class=\"wp-image-196297\" srcset=\"https:\/\/corrientesdetarde.com\/wp-content\/uploads\/2025\/03\/image-469.png 790w, https:\/\/corrientesdetarde.com\/wp-content\/uploads\/2025\/03\/image-469-300x236.png 300w, https:\/\/corrientesdetarde.com\/wp-content\/uploads\/2025\/03\/image-469-768x604.png 768w\" sizes=\"auto, (max-width: 790px) 100vw, 790px\" \/><\/figure>\n","protected":false},"excerpt":{"rendered":"<p>Personal de la Patrulla Fija &#8220;Santa Luc\u00eda&#8221; del Escuadr\u00f3n 48 &#8220;Corrientes&#8221; detuvo la marcha de una camioneta sobre la intersecci\u00f3n de las Rutas Nacionales N\u00ba 12 y N\u00ba 123 ocupada&hellip; <\/p>\n","protected":false},"author":1,"featured_media":196298,"comment_status":"closed","ping_status":"open","sticky":false,"template":"","format":"standard","meta":{"footnotes":""},"categories":[33],"tags":[],"class_list":["post-196293","post","type-post","status-publish","format-standard","has-post-thumbnail","hentry","category-policiales"],"_links":{"self":[{"href":"https:\/\/corrientesdetarde.com\/index.php\/wp-json\/wp\/v2\/posts\/196293","targetHints":{"allow":["GET"]}}],"collection":[{"href":"https:\/\/corrientesdetarde.com\/index.php\/wp-json\/wp\/v2\/posts"}],"about":[{"href":"https:\/\/corrientesdetarde.com\/index.php\/wp-json\/wp\/v2\/types\/post"}],"author":[{"embeddable":true,"href":"https:\/\/corrientesdetarde.com\/index.php\/wp-json\/wp\/v2\/users\/1"}],"replies":[{"embeddable":true,"href":"https:\/\/corrientesdetarde.com\/index.php\/wp-json\/wp\/v2\/comments?post=196293"}],"version-history":[{"count":1,"href":"https:\/\/corrientesdetarde.com\/index.php\/wp-json\/wp\/v2\/posts\/196293\/revisions"}],"predecessor-version":[{"id":196299,"href":"https:\/\/corrientesdetarde.com\/index.php\/wp-json\/wp\/v2\/posts\/196293\/revisions\/196299"}],"wp:featuredmedia":[{"embeddable":true,"href":"https:\/\/corrientesdetarde.com\/index.php\/wp-json\/wp\/v2\/media\/196298"}],"wp:attachment":[{"href":"https:\/\/corrientesdetarde.com\/index.php\/wp-json\/wp\/v2\/media?parent=196293"}],"wp:term":[{"taxonomy":"category","embeddable":true,"href":"https:\/\/corrientesdetarde.com\/index.php\/wp-json\/wp\/v2\/categories?post=196293"},{"taxonomy":"post_tag","embeddable":true,"href":"https:\/\/corrientesdetarde.com\/index.php\/wp-json\/wp\/v2\/tags?post=196293"}],"curies":[{"name":"wp","href":"https:\/\/api.w.org\/{rel}","templated":true}]}}