{"id":196308,"date":"2025-03-13T09:29:50","date_gmt":"2025-03-13T12:29:50","guid":{"rendered":"https:\/\/corrientesdetarde.com\/?p=196308"},"modified":"2025-03-13T09:29:53","modified_gmt":"2025-03-13T12:29:53","slug":"nuevos-horarios-del-colectivo-chaco-corrientes","status":"publish","type":"post","link":"https:\/\/corrientesdetarde.com\/index.php\/actualidad\/nuevos-horarios-del-colectivo-chaco-corrientes\/","title":{"rendered":"Nuevos horarios del colectivo Chaco-Corrientes"},"content":{"rendered":"\n<p>El transporte interprovincial Chaco-Corrientes, estableci\u00f3\u00a0ayer un nuevo horario para dinamizar la frecuencia y facilitar el traslado de estudiantes, trabajadores y usuarios en general. El cambio de horas se implementar\u00e1 para las l\u00edneas 902 y 904.<\/p>\n\n\n\n<p>Con esta medida, se espera que se reduzcan los tiempos de espera y se garantice una mejor cobertura en los distintos puntos de ascenso y descenso de cada l\u00ednea.<\/p>\n\n\n\n<p>Adem\u00e1s, se incluyen nuevos horarios con salidas desde la terminal de Resistencia y el campus universitario en Corrientes, ampliando las opciones de movilidad.<\/p>\n\n\n\n<p>La reestructuraci\u00f3n de los horarios responde a la creciente demanda de un servicio m\u00e1s eficiente y accesible, teniendo en cuenta los horarios de mayor circulaci\u00f3n de pasajeros.&nbsp;<\/p>\n\n\n\n<p><strong>Los nuevos horarios&nbsp;<\/strong><br><em>Salida desde el Puerto Corrientes&nbsp;<\/em><\/p>\n\n\n<div class=\"wp-block-image\">\n<figure class=\"aligncenter\"><img decoding=\"async\" src=\"https:\/\/pxcdn.ellitoral.com.ar\/litoral\/032025\/1741868209568\/corrientes.png?cw=446\" alt=\"Rigen nuevos horarios del colectivo Chaco - Corrientes\" title=\"Rigen nuevos horarios del colectivo Chaco - Corrientes-\"\/><\/figure>\n<\/div>\n\n\n<p><em>Salida desde UNNE Resistencia<\/em><\/p>\n\n\n<div class=\"wp-block-image\">\n<figure class=\"aligncenter\"><img decoding=\"async\" src=\"https:\/\/pxcdn.ellitoral.com.ar\/litoral\/032025\/1741868226541\/Resistencia.png?cw=446\" alt=\"Rigen nuevos horarios del colectivo Chaco - Corrientes\" title=\"Rigen nuevos horarios del colectivo Chaco - Corrientes-\"\/><\/figure>\n<\/div>\n\n\n<p><em>L\u00ednea Campus<\/em><\/p>\n\n\n<div class=\"wp-block-image\">\n<figure class=\"aligncenter\"><img decoding=\"async\" src=\"https:\/\/pxcdn.ellitoral.com.ar\/litoral\/032025\/1741868242392\/campus.png?cw=446\" alt=\"Rigen nuevos horarios del colectivo Chaco - Corrientes\" title=\"Rigen nuevos horarios del colectivo Chaco - Corrientes-\"\/><\/figure>\n<\/div>","protected":false},"excerpt":{"rendered":"<p>El transporte interprovincial Chaco-Corrientes, estableci\u00f3\u00a0ayer un nuevo horario para dinamizar la frecuencia y facilitar el traslado de estudiantes, trabajadores y usuarios en general. El cambio de horas se implementar\u00e1 para&hellip; <\/p>\n","protected":false},"author":1,"featured_media":196309,"comment_status":"closed","ping_status":"open","sticky":false,"template":"","format":"standard","meta":{"footnotes":""},"categories":[23],"tags":[],"class_list":["post-196308","post","type-post","status-publish","format-standard","has-post-thumbnail","hentry","category-actualidad"],"_links":{"self":[{"href":"https:\/\/corrientesdetarde.com\/index.php\/wp-json\/wp\/v2\/posts\/196308","targetHints":{"allow":["GET"]}}],"collection":[{"href":"https:\/\/corrientesdetarde.com\/index.php\/wp-json\/wp\/v2\/posts"}],"about":[{"href":"https:\/\/corrientesdetarde.com\/index.php\/wp-json\/wp\/v2\/types\/post"}],"author":[{"embeddable":true,"href":"https:\/\/corrientesdetarde.com\/index.php\/wp-json\/wp\/v2\/users\/1"}],"replies":[{"embeddable":true,"href":"https:\/\/corrientesdetarde.com\/index.php\/wp-json\/wp\/v2\/comments?post=196308"}],"version-history":[{"count":1,"href":"https:\/\/corrientesdetarde.com\/index.php\/wp-json\/wp\/v2\/posts\/196308\/revisions"}],"predecessor-version":[{"id":196310,"href":"https:\/\/corrientesdetarde.com\/index.php\/wp-json\/wp\/v2\/posts\/196308\/revisions\/196310"}],"wp:featuredmedia":[{"embeddable":true,"href":"https:\/\/corrientesdetarde.com\/index.php\/wp-json\/wp\/v2\/media\/196309"}],"wp:attachment":[{"href":"https:\/\/corrientesdetarde.com\/index.php\/wp-json\/wp\/v2\/media?parent=196308"}],"wp:term":[{"taxonomy":"category","embeddable":true,"href":"https:\/\/corrientesdetarde.com\/index.php\/wp-json\/wp\/v2\/categories?post=196308"},{"taxonomy":"post_tag","embeddable":true,"href":"https:\/\/corrientesdetarde.com\/index.php\/wp-json\/wp\/v2\/tags?post=196308"}],"curies":[{"name":"wp","href":"https:\/\/api.w.org\/{rel}","templated":true}]}}