{"id":196357,"date":"2025-03-13T14:15:37","date_gmt":"2025-03-13T17:15:37","guid":{"rendered":"https:\/\/corrientesdetarde.com\/?p=196357"},"modified":"2025-03-13T14:15:49","modified_gmt":"2025-03-13T17:15:49","slug":"medioambiente-tassano-visito-planta-industrial-que-aplica-programa-especial-de-manejo-del-agua","status":"publish","type":"post","link":"https:\/\/corrientesdetarde.com\/index.php\/medio-ambiente\/medioambiente-tassano-visito-planta-industrial-que-aplica-programa-especial-de-manejo-del-agua\/","title":{"rendered":"Medioambiente: Tassano visit\u00f3 planta industrial que aplica programa especial de manejo del agua"},"content":{"rendered":"\n<p><em>En el marco del D\u00eda Mundial del Agua, el intendente se interioriz\u00f3 de las acciones ambientales que desarrolla una importante compa\u00f1\u00eda del rubro cervecer\u00eda en la ciudad. Ser\u00e1 la primera del grupo empresarial en aplicar proceso de carbono neutral. Articulan planes en defensa del medioambiente.<\/em><\/p>\n\n\n\n<figure class=\"wp-block-table\"><table class=\"has-fixed-layout\"><tbody><tr><td>Para consolidar una tarea conjunta entre el sector p\u00fablico y privado en defensa del medioambiente y como parte del plan de acci\u00f3n clim\u00e1tica que impulsa la Municipalidad de Corrientes, el intendente Eduardo Tassano visit\u00f3 en la ma\u00f1ana de este jueves la planta industrial de la Cervecer\u00eda y Malter\u00eda Quilmes.<br>En la ocasi\u00f3n, se interioriz\u00f3 de un programa especial de manejo del agua que desarrollan en dicha compa\u00f1\u00eda, en el uso consciente de los recursos naturales.<br>Adem\u00e1s, la planta que funciona en Corrientes ser\u00e1 la primera del grupo empresarial en el pa\u00eds en aplicar proceso de carbono neutral, que implica alcanzar un resultado neto de cero emisiones de gases de efecto invernadero.<br>De esta manera, la labor ambiental de la firma privada se articula tambi\u00e9n con las acciones que desde el principio de la gesti\u00f3n de Tassano se viene aplicando en el Municipio local, con el objetivo de mitigar el impacto del cambio clim\u00e1tico. Una pol\u00edtica de estado integral que es pionera en la provincial y la regi\u00f3n.<br>La recorrida del intendente por la f\u00e1brica ubicada en avenida Juan de Garay al 300, se enmarc\u00f3 tambi\u00e9n en el D\u00eda Mundial del Agua, que se conmemorar\u00e1, como todos los a\u00f1os, el pr\u00f3ximo 22 de marzo.<br>Acompa\u00f1aron a Tassano la gerenta general de la planta local de Quilmes, Lorena Nadal, como tambi\u00e9n el viceintendente Emilio Lanari, y los secretarios de Ambiente y Desarrollo Sustentable, Ignacio Maldonado Yonna, y el de Desarrollo Econ\u00f3mico, Francisco Ingaramo.<br><br>INTERACCI\u00d3N<br>Tras la recorrida, el intendente agradeci\u00f3 la invitaci\u00f3n que le hiciera la compa\u00f1\u00eda para dar a conocer el proceso del manejo del agua que hacen en la planta local. A la vez, destac\u00f3 la labor de la compa\u00f1\u00eda en el cuidado ambiental, como tambi\u00e9n su incidencia en la generaci\u00f3n de empleo en la ciudad.<br>Asimismo, Tassano record\u00f3 que, en pol\u00edtica ambiental, \u201ccontamos con un plan de acci\u00f3n clim\u00e1tica elaborado a trav\u00e9s del pacto global de alcaldes, y una de las acciones es la interacci\u00f3n con el sector privado para disminuir las posibilidades de emanaci\u00f3n de gases de efecto invernadero\u201d.<br>Al respecto, a su turno ampli\u00f3 el secretario de Ambiente: \u201cEstamos tratando de reducir el impacto del efecto invernadero y cambio clim\u00e1tico, con diferentes acciones, como el reciclaje, el cuidado de los espacios verdes y arborizaci\u00f3n de la ciudad y la promoci\u00f3n del uso de energ\u00eda solar, entre otras tareas. Se trata de una labor que no solo debe involucrar al Municipio, sino de privado y la f\u00e1brica de Quilmes es un buen ejemplo\u201d, valor\u00f3 Maldonado Yonna.<br><br>APORTE PRIVADO<br>Por su parte, desde la compa\u00f1\u00eda anfitriona de esta visita, la gerenta general Lorena Nadal subray\u00f3 que los \u00faltimos 10 a\u00f1os lograr un 30% de reducci\u00f3n de agua en los procesos de elaboraci\u00f3n de cerveza de la compa\u00f1\u00eda.<br>En su plan de uso responsable del agua, \u201caseguramos trabajar con eficiencia el proceso para reducir los consumos; reutilizar internamente el agua que tratamos en nuestras plantas de afluentes; y tambi\u00e9n reutilizar el agua tratada en acciones que sirva a la comunidad\u201d, resumi\u00f3 Nadal.<br>Finalmente, valor\u00f3 el v\u00ednculo entre sector p\u00fablico y privado para implementar acciones conjuntas por el medioambiente.<\/td><\/tr><\/tbody><\/table><\/figure>\n\n\n\n<figure class=\"wp-block-table\"><table class=\"has-fixed-layout\"><tbody><tr><td>RECORRIDA POR PLANTA INDUSTRIAL-MATERIAL DE TV<br><a href=\"https:\/\/ciudaddecorrientes.us12.list-manage.com\/track\/click?u=253e4bcff71216c6af771c3c9&amp;id=8991deabc0&amp;e=17643edfa8\" target=\"_blank\" rel=\"noreferrer noopener\">https:\/\/youtu.be\/nkOc-DVlS30<\/a><\/td><\/tr><\/tbody><\/table><\/figure>\n\n\n\n<figure class=\"wp-block-image size-large\"><img loading=\"lazy\" decoding=\"async\" width=\"1024\" height=\"682\" src=\"https:\/\/corrientesdetarde.com\/wp-content\/uploads\/2025\/03\/image-498-1024x682.png\" alt=\"\" class=\"wp-image-196359\" srcset=\"https:\/\/corrientesdetarde.com\/wp-content\/uploads\/2025\/03\/image-498-1024x682.png 1024w, https:\/\/corrientesdetarde.com\/wp-content\/uploads\/2025\/03\/image-498-300x200.png 300w, https:\/\/corrientesdetarde.com\/wp-content\/uploads\/2025\/03\/image-498-768x512.png 768w, https:\/\/corrientesdetarde.com\/wp-content\/uploads\/2025\/03\/image-498.png 1280w\" sizes=\"auto, (max-width: 1024px) 100vw, 1024px\" \/><\/figure>\n\n\n\n<figure class=\"wp-block-image size-large\"><img loading=\"lazy\" decoding=\"async\" width=\"1024\" height=\"682\" src=\"https:\/\/corrientesdetarde.com\/wp-content\/uploads\/2025\/03\/image-499-1024x682.png\" alt=\"\" class=\"wp-image-196360\" srcset=\"https:\/\/corrientesdetarde.com\/wp-content\/uploads\/2025\/03\/image-499-1024x682.png 1024w, https:\/\/corrientesdetarde.com\/wp-content\/uploads\/2025\/03\/image-499-300x200.png 300w, https:\/\/corrientesdetarde.com\/wp-content\/uploads\/2025\/03\/image-499-768x512.png 768w, https:\/\/corrientesdetarde.com\/wp-content\/uploads\/2025\/03\/image-499.png 1280w\" sizes=\"auto, (max-width: 1024px) 100vw, 1024px\" \/><\/figure>\n\n\n\n<figure class=\"wp-block-image size-large\"><img loading=\"lazy\" decoding=\"async\" width=\"1024\" height=\"682\" src=\"https:\/\/corrientesdetarde.com\/wp-content\/uploads\/2025\/03\/image-500-1024x682.png\" alt=\"\" class=\"wp-image-196361\" srcset=\"https:\/\/corrientesdetarde.com\/wp-content\/uploads\/2025\/03\/image-500-1024x682.png 1024w, https:\/\/corrientesdetarde.com\/wp-content\/uploads\/2025\/03\/image-500-300x200.png 300w, https:\/\/corrientesdetarde.com\/wp-content\/uploads\/2025\/03\/image-500-768x512.png 768w, https:\/\/corrientesdetarde.com\/wp-content\/uploads\/2025\/03\/image-500.png 1280w\" sizes=\"auto, (max-width: 1024px) 100vw, 1024px\" \/><\/figure>\n\n\n\n<figure class=\"wp-block-image size-large\"><img loading=\"lazy\" decoding=\"async\" width=\"1024\" height=\"682\" src=\"https:\/\/corrientesdetarde.com\/wp-content\/uploads\/2025\/03\/image-501-1024x682.png\" alt=\"\" class=\"wp-image-196362\" srcset=\"https:\/\/corrientesdetarde.com\/wp-content\/uploads\/2025\/03\/image-501-1024x682.png 1024w, https:\/\/corrientesdetarde.com\/wp-content\/uploads\/2025\/03\/image-501-300x200.png 300w, https:\/\/corrientesdetarde.com\/wp-content\/uploads\/2025\/03\/image-501-768x512.png 768w, https:\/\/corrientesdetarde.com\/wp-content\/uploads\/2025\/03\/image-501.png 1280w\" sizes=\"auto, (max-width: 1024px) 100vw, 1024px\" \/><\/figure>\n\n\n\n<figure class=\"wp-block-image size-large\"><img loading=\"lazy\" decoding=\"async\" width=\"1024\" height=\"682\" src=\"https:\/\/corrientesdetarde.com\/wp-content\/uploads\/2025\/03\/image-502-1024x682.png\" alt=\"\" class=\"wp-image-196363\" srcset=\"https:\/\/corrientesdetarde.com\/wp-content\/uploads\/2025\/03\/image-502-1024x682.png 1024w, https:\/\/corrientesdetarde.com\/wp-content\/uploads\/2025\/03\/image-502-300x200.png 300w, https:\/\/corrientesdetarde.com\/wp-content\/uploads\/2025\/03\/image-502-768x512.png 768w, https:\/\/corrientesdetarde.com\/wp-content\/uploads\/2025\/03\/image-502.png 1280w\" sizes=\"auto, (max-width: 1024px) 100vw, 1024px\" \/><\/figure>\n\n\n\n<figure class=\"wp-block-image size-large\"><img loading=\"lazy\" decoding=\"async\" width=\"1024\" height=\"682\" src=\"https:\/\/corrientesdetarde.com\/wp-content\/uploads\/2025\/03\/image-503-1024x682.png\" alt=\"\" class=\"wp-image-196364\" srcset=\"https:\/\/corrientesdetarde.com\/wp-content\/uploads\/2025\/03\/image-503-1024x682.png 1024w, https:\/\/corrientesdetarde.com\/wp-content\/uploads\/2025\/03\/image-503-300x200.png 300w, https:\/\/corrientesdetarde.com\/wp-content\/uploads\/2025\/03\/image-503-768x512.png 768w, https:\/\/corrientesdetarde.com\/wp-content\/uploads\/2025\/03\/image-503.png 1280w\" sizes=\"auto, (max-width: 1024px) 100vw, 1024px\" \/><\/figure>\n","protected":false},"excerpt":{"rendered":"<p>En el marco del D\u00eda Mundial del Agua, el intendente se interioriz\u00f3 de las acciones ambientales que desarrolla una importante compa\u00f1\u00eda del rubro cervecer\u00eda en la ciudad. Ser\u00e1 la primera&hellip; <\/p>\n","protected":false},"author":8,"featured_media":196358,"comment_status":"closed","ping_status":"open","sticky":false,"template":"","format":"standard","meta":{"footnotes":""},"categories":[23,6],"tags":[],"class_list":["post-196357","post","type-post","status-publish","format-standard","has-post-thumbnail","hentry","category-actualidad","category-medio-ambiente"],"_links":{"self":[{"href":"https:\/\/corrientesdetarde.com\/index.php\/wp-json\/wp\/v2\/posts\/196357","targetHints":{"allow":["GET"]}}],"collection":[{"href":"https:\/\/corrientesdetarde.com\/index.php\/wp-json\/wp\/v2\/posts"}],"about":[{"href":"https:\/\/corrientesdetarde.com\/index.php\/wp-json\/wp\/v2\/types\/post"}],"author":[{"embeddable":true,"href":"https:\/\/corrientesdetarde.com\/index.php\/wp-json\/wp\/v2\/users\/8"}],"replies":[{"embeddable":true,"href":"https:\/\/corrientesdetarde.com\/index.php\/wp-json\/wp\/v2\/comments?post=196357"}],"version-history":[{"count":1,"href":"https:\/\/corrientesdetarde.com\/index.php\/wp-json\/wp\/v2\/posts\/196357\/revisions"}],"predecessor-version":[{"id":196365,"href":"https:\/\/corrientesdetarde.com\/index.php\/wp-json\/wp\/v2\/posts\/196357\/revisions\/196365"}],"wp:featuredmedia":[{"embeddable":true,"href":"https:\/\/corrientesdetarde.com\/index.php\/wp-json\/wp\/v2\/media\/196358"}],"wp:attachment":[{"href":"https:\/\/corrientesdetarde.com\/index.php\/wp-json\/wp\/v2\/media?parent=196357"}],"wp:term":[{"taxonomy":"category","embeddable":true,"href":"https:\/\/corrientesdetarde.com\/index.php\/wp-json\/wp\/v2\/categories?post=196357"},{"taxonomy":"post_tag","embeddable":true,"href":"https:\/\/corrientesdetarde.com\/index.php\/wp-json\/wp\/v2\/tags?post=196357"}],"curies":[{"name":"wp","href":"https:\/\/api.w.org\/{rel}","templated":true}]}}