{"id":196513,"date":"2025-03-14T00:19:08","date_gmt":"2025-03-14T03:19:08","guid":{"rendered":"https:\/\/corrientesdetarde.com\/?p=196513"},"modified":"2025-03-14T00:19:11","modified_gmt":"2025-03-14T03:19:11","slug":"yuyito-gonzalez-se-refirio-a-su-relacion-con-javier-milei-tras-la-presentacion-en-washington","status":"publish","type":"post","link":"https:\/\/corrientesdetarde.com\/index.php\/politica\/yuyito-gonzalez-se-refirio-a-su-relacion-con-javier-milei-tras-la-presentacion-en-washington\/","title":{"rendered":"Yuyito Gonz\u00e1lez se refiri\u00f3 a su relaci\u00f3n con Javier Milei, tras la presentaci\u00f3n en Washington"},"content":{"rendered":"\n<h2 class=\"wp-block-heading\">El presidente mencion\u00f3 a la conductora durante su discurso en la Conservative Political Action Conference (CPAC).<\/h2>\n\n\n\n<p>El noviazgo entre el Presidente Javier Milei y la ex vedette Amalia \u201cYuyito\u201d Gonz\u00e1lez arriba en su noveno mes y, tras la\u00a0presentaci\u00f3n oficial de la primera dama en la Conservative Political Action Conference (CPAC),\u00a0en boca de su pareja, durante su discurso en Washington,\u00a0<strong>\u201cYuyito\u201d revel\u00f3 c\u00f3mo llevan la relaci\u00f3n.<\/strong><\/p>\n\n\n\n<p>Es que luego de idas y venidas, rumores y escenas que apuntan a celos en una pareja poco convencional,&nbsp;<strong>Amalia sopl\u00f3 las 65 velitas el pasado 8 de febrero, d\u00eda internacional de la mujer.&nbsp;<\/strong><\/p>\n\n\n\n<p>En la misma fecha de su natalicio,<strong>&nbsp;la ex vedette asisti\u00f3 al recital de Shakira en el Campo Argentino de Polo<\/strong>. Gonz\u00e1lez estuvo<strong>&nbsp;acompa\u00f1ada por sus hijos Stefano Di Aloy, B\u00e1rbara Coppola y su hija Josefina.&nbsp;<\/strong><\/p>\n\n\n\n<figure class=\"wp-block-image size-full\"><img loading=\"lazy\" decoding=\"async\" width=\"702\" height=\"427\" src=\"https:\/\/corrientesdetarde.com\/wp-content\/uploads\/2025\/03\/image-547.png\" alt=\"\" class=\"wp-image-196514\" srcset=\"https:\/\/corrientesdetarde.com\/wp-content\/uploads\/2025\/03\/image-547.png 702w, https:\/\/corrientesdetarde.com\/wp-content\/uploads\/2025\/03\/image-547-300x182.png 300w\" sizes=\"auto, (max-width: 702px) 100vw, 702px\" \/><\/figure>\n\n\n\n<p>En este sentido, Amalia asegur\u00f3: \u201c<strong>Lo pas\u00e9 brutal, hermoso. Todo el fin de semana en familia y fuimos al concierto de Shakira\u201d<\/strong>. Sin embargo, se puede notar que&nbsp;<strong>para esa fecha, no hubo saludo por parte del primer mandatario, ni im\u00e1genes en su compa\u00f1\u00eda.<\/strong><\/p>\n\n\n\n<p>A pesar de esto, \u201cYuyito\u201d sostuvo el romance se encuentra<strong>&nbsp;\u201cexcelente y hermoso\u201d<\/strong>. Adem\u00e1s, a\u00f1adi\u00f3 que&nbsp;<strong>en abril regresar\u00e1 a su labor como presentadora:<\/strong>&nbsp;\u201cPara m\u00ed es como un juego, hermoso, es mi lugar creativo, me divierto y me r\u00edo\u201d.<\/p>\n","protected":false},"excerpt":{"rendered":"<p>El presidente mencion\u00f3 a la conductora durante su discurso en la Conservative Political Action Conference (CPAC). El noviazgo entre el Presidente Javier Milei y la ex vedette Amalia \u201cYuyito\u201d Gonz\u00e1lez&hellip; <\/p>\n","protected":false},"author":4,"featured_media":196515,"comment_status":"closed","ping_status":"open","sticky":false,"template":"","format":"standard","meta":{"footnotes":""},"categories":[3],"tags":[],"class_list":["post-196513","post","type-post","status-publish","format-standard","has-post-thumbnail","hentry","category-politica"],"_links":{"self":[{"href":"https:\/\/corrientesdetarde.com\/index.php\/wp-json\/wp\/v2\/posts\/196513","targetHints":{"allow":["GET"]}}],"collection":[{"href":"https:\/\/corrientesdetarde.com\/index.php\/wp-json\/wp\/v2\/posts"}],"about":[{"href":"https:\/\/corrientesdetarde.com\/index.php\/wp-json\/wp\/v2\/types\/post"}],"author":[{"embeddable":true,"href":"https:\/\/corrientesdetarde.com\/index.php\/wp-json\/wp\/v2\/users\/4"}],"replies":[{"embeddable":true,"href":"https:\/\/corrientesdetarde.com\/index.php\/wp-json\/wp\/v2\/comments?post=196513"}],"version-history":[{"count":1,"href":"https:\/\/corrientesdetarde.com\/index.php\/wp-json\/wp\/v2\/posts\/196513\/revisions"}],"predecessor-version":[{"id":196516,"href":"https:\/\/corrientesdetarde.com\/index.php\/wp-json\/wp\/v2\/posts\/196513\/revisions\/196516"}],"wp:featuredmedia":[{"embeddable":true,"href":"https:\/\/corrientesdetarde.com\/index.php\/wp-json\/wp\/v2\/media\/196515"}],"wp:attachment":[{"href":"https:\/\/corrientesdetarde.com\/index.php\/wp-json\/wp\/v2\/media?parent=196513"}],"wp:term":[{"taxonomy":"category","embeddable":true,"href":"https:\/\/corrientesdetarde.com\/index.php\/wp-json\/wp\/v2\/categories?post=196513"},{"taxonomy":"post_tag","embeddable":true,"href":"https:\/\/corrientesdetarde.com\/index.php\/wp-json\/wp\/v2\/tags?post=196513"}],"curies":[{"name":"wp","href":"https:\/\/api.w.org\/{rel}","templated":true}]}}