{"id":196517,"date":"2025-03-14T08:41:18","date_gmt":"2025-03-14T11:41:18","guid":{"rendered":"https:\/\/corrientesdetarde.com\/?p=196517"},"modified":"2025-03-14T08:41:30","modified_gmt":"2025-03-14T11:41:30","slug":"46o-via-crucis-interprovincial-2025","status":"publish","type":"post","link":"https:\/\/corrientesdetarde.com\/index.php\/eventossociedad\/46o-via-crucis-interprovincial-2025\/","title":{"rendered":"46\u00ba v\u00eda crucis interprovincial 2025"},"content":{"rendered":"\n<p>En un recorrido de fe y reflexi\u00f3n, el pr\u00f3ximo jueves 17 de abril, a partir de las 23,45, se llevar\u00e1 a cabo el tradicional V\u00eda Crucis Interprovincial, que une las provincias de Chaco y Corrientes. Los fieles de ambas provincias orar\u00e1n en 15 estaciones siguiendo el camino de Jes\u00fas hacia la crucifixi\u00f3n. No se suspende por lluvia.\u00a0<\/p>\n\n\n\n<p>La convocatoria est\u00e1 prevista en el Convento de las Hermanas Clarisas, ubicado en Villa Elba, Resistencia. El recorrido contempla 15 estaciones que simbolizan el camino de Jes\u00fas hacia la crucifixi\u00f3n. La primera parada ser\u00e1 en el Convento de las Hermanas Clarisas a la medianoche, y luego se continuar\u00e1 por distintos puntos religiosos y comunitarios tanto en Chaco&nbsp;como en Corrientes.<\/p>\n\n\n<div class=\"wp-block-image\">\n<figure class=\"aligncenter is-resized\"><img decoding=\"async\" src=\"https:\/\/pxcdn.ellitoral.com.ar\/litoral\/032025\/1741913847165.jpeg?cw=446\" alt=\"Corrientes y Chaco se unir\u00e1 en el 46\u00ba v\u00eda crucis interprovincial 2025\" style=\"width:567px;height:auto\" title=\"Corrientes y Chaco se unir\u00e1 en el 46\u00ba v\u00eda crucis interprovincial 2025-\"\/><\/figure>\n<\/div>\n\n\n<p><strong>El itinerario completo es el siguiente:<\/strong><\/p>\n\n\n\n<ul class=\"wp-block-list\">\n<li>00\u00a0\u2013 Hermanas Clarisas (Villa Elba) \u2013 Resistencia<\/li>\n\n\n\n<li>00,20. \u2013 Seminario Interdiocesano La Encarnaci\u00f3n<\/li>\n\n\n\n<li>00,50. \u2013 Capilla Sagrado Coraz\u00f3n de Jes\u00fas \u2013 Resistencia<\/li>\n\n\n\n<li>01,30. \u2013 Iglesia Catedral \u2013 Resistencia<\/li>\n\n\n\n<li>02. \u2013 Hospital Perrando \u2013 Resistencia<\/li>\n\n\n\n<li>03,15. \u2013 Parroquia Nuestra Se\u00f1ora de la Merced \u2013 Resistencia<\/li>\n\n\n\n<li>03,50. \u2013 Parroquia San Jos\u00e9 \u2013 Barranqueras<\/li>\n\n\n\n<li>04,20. \u2013 Parroquia Inmaculada Concepci\u00f3n \u2013 Barranqueras<\/li>\n\n\n\n<li>05. \u2013 Capilla Virgen de Stella Maris \u2013 Barranqueras<\/li>\n\n\n\n<li>06,45. \u2013 Peaje Puente General Belgrano<\/li>\n\n\n\n<li>08,30. \u2013 Iglesia de la Cruz \u2013 Corrientes<\/li>\n\n\n\n<li>09. \u2013 Parroquia La Merced \u2013 Corrientes<\/li>\n\n\n\n<li>09,15. \u2013 Parroquia Mar\u00eda Auxiliadora \u2013 Corrientes<\/li>\n\n\n\n<li>09,30. \u2013 Iglesia Catedral \u2013 Corrientes<\/li>\n\n\n\n<li>09,45. \u2013 Hermanas Clarisas (Jun\u00edn y Roca) \u2013 Corrientes<\/li>\n<\/ul>\n\n\n\n<p>Toda la comunidad est\u00e1 invitada a participar de esta manifestaci\u00f3n de fe, reflexi\u00f3n y esperanza.<\/p>\n","protected":false},"excerpt":{"rendered":"<p>En un recorrido de fe y reflexi\u00f3n, el pr\u00f3ximo jueves 17 de abril, a partir de las 23,45, se llevar\u00e1 a cabo el tradicional V\u00eda Crucis Interprovincial, que une las&hellip; <\/p>\n","protected":false},"author":1,"featured_media":196533,"comment_status":"closed","ping_status":"open","sticky":false,"template":"","format":"standard","meta":{"footnotes":""},"categories":[1208],"tags":[],"class_list":["post-196517","post","type-post","status-publish","format-standard","has-post-thumbnail","hentry","category-eventossociedad"],"_links":{"self":[{"href":"https:\/\/corrientesdetarde.com\/index.php\/wp-json\/wp\/v2\/posts\/196517","targetHints":{"allow":["GET"]}}],"collection":[{"href":"https:\/\/corrientesdetarde.com\/index.php\/wp-json\/wp\/v2\/posts"}],"about":[{"href":"https:\/\/corrientesdetarde.com\/index.php\/wp-json\/wp\/v2\/types\/post"}],"author":[{"embeddable":true,"href":"https:\/\/corrientesdetarde.com\/index.php\/wp-json\/wp\/v2\/users\/1"}],"replies":[{"embeddable":true,"href":"https:\/\/corrientesdetarde.com\/index.php\/wp-json\/wp\/v2\/comments?post=196517"}],"version-history":[{"count":1,"href":"https:\/\/corrientesdetarde.com\/index.php\/wp-json\/wp\/v2\/posts\/196517\/revisions"}],"predecessor-version":[{"id":196534,"href":"https:\/\/corrientesdetarde.com\/index.php\/wp-json\/wp\/v2\/posts\/196517\/revisions\/196534"}],"wp:featuredmedia":[{"embeddable":true,"href":"https:\/\/corrientesdetarde.com\/index.php\/wp-json\/wp\/v2\/media\/196533"}],"wp:attachment":[{"href":"https:\/\/corrientesdetarde.com\/index.php\/wp-json\/wp\/v2\/media?parent=196517"}],"wp:term":[{"taxonomy":"category","embeddable":true,"href":"https:\/\/corrientesdetarde.com\/index.php\/wp-json\/wp\/v2\/categories?post=196517"},{"taxonomy":"post_tag","embeddable":true,"href":"https:\/\/corrientesdetarde.com\/index.php\/wp-json\/wp\/v2\/tags?post=196517"}],"curies":[{"name":"wp","href":"https:\/\/api.w.org\/{rel}","templated":true}]}}