{"id":196518,"date":"2025-03-14T08:36:46","date_gmt":"2025-03-14T11:36:46","guid":{"rendered":"https:\/\/corrientesdetarde.com\/?p=196518"},"modified":"2025-03-14T08:36:49","modified_gmt":"2025-03-14T11:36:49","slug":"un-correntino-de-24-anos-desaparecio-tras-la-tormenta-en-bahia-blanca","status":"publish","type":"post","link":"https:\/\/corrientesdetarde.com\/index.php\/sociales\/un-correntino-de-24-anos-desaparecio-tras-la-tormenta-en-bahia-blanca\/","title":{"rendered":"Un correntino de 24 a\u00f1os desapareci\u00f3 tras la tormenta en Bah\u00eda Blanca"},"content":{"rendered":"\n<p>La madre no duerme. No puede. Pas\u00f3 casi una semana desde la \u00faltima vez que su hijo le contest\u00f3 un mensaje. En la capital de Corrientes, donde vive, su tel\u00e9fono suena cada tanto, pero nunca con la noticia que espera. La hermana, desde Bah\u00eda Blanca, sigue recorriendo la ciudad con una foto en el celular. \u201cEs mi hermano, lo estamos buscando\u201d, repite a cada persona que la escucha. No hay rastro. No hay indicios. Solo el eco de la desesperaci\u00f3n familiar que se multiplica con cada llamada sin respuesta.<\/p>\n\n\n\n<p><\/p>\n\n\n\n<p>Joel Alfredo Meza naci\u00f3 en Corrientes hace 24 a\u00f1os. Creci\u00f3 sabiendo que el trabajo era la \u00fanica forma de salir adelante. Aprendi\u00f3 de todo: alba\u00f1iler\u00eda, cocina, cualquier oficio que le permitiera ganarse un sueldo digno. Quer\u00eda un futuro mejor y Bah\u00eda Blanca se present\u00f3 como una oportunidad. Un empleo en el campo, una chance de empezar de nuevo.<\/p>\n\n\n\n<p>Viaj\u00f3 con la esperanza de que el esfuerzo diera frutos. Pero desde el 7 de marzo, cuando en Bah\u00eda Blanca se desat\u00f3 la peor tormenta en su historia, su nombre dej\u00f3 de ser parte de la rutina y pas\u00f3 a las lista de personas buscadas. La historia de Meza, como la de tantos otros, qued\u00f3 atrapada en la tormenta.<\/p>\n\n\n\n<p>\u201cLa \u00faltima vez que habl\u00f3 con su hermana le dijo que iba a un campo, en General Daniel Cerri. Desde ah\u00ed, no supimos m\u00e1s nada\u201d, cuenta su padre, Roberto, a LA NACI\u00d3N. No pueden explic\u00e1rselo. El celular, sin se\u00f1al. El silencio, absoluto.<\/p>\n\n\n<div class=\"wp-block-image\">\n<figure class=\"aligncenter size-large\"><img loading=\"lazy\" decoding=\"async\" width=\"683\" height=\"1024\" src=\"https:\/\/corrientesdetarde.com\/wp-content\/uploads\/2025\/03\/image-551-683x1024.png\" alt=\"\" class=\"wp-image-196528\" srcset=\"https:\/\/corrientesdetarde.com\/wp-content\/uploads\/2025\/03\/image-551-683x1024.png 683w, https:\/\/corrientesdetarde.com\/wp-content\/uploads\/2025\/03\/image-551-200x300.png 200w, https:\/\/corrientesdetarde.com\/wp-content\/uploads\/2025\/03\/image-551-768x1152.png 768w, https:\/\/corrientesdetarde.com\/wp-content\/uploads\/2025\/03\/image-551-1024x1536.png 1024w, https:\/\/corrientesdetarde.com\/wp-content\/uploads\/2025\/03\/image-551.png 1200w\" sizes=\"auto, (max-width: 683px) 100vw, 683px\" \/><\/figure>\n<\/div>\n\n\n<p>Joel parti\u00f3 solo. Su hermana estaba en Bah\u00eda Blanca y su hermano en Punta Alta. Hab\u00eda terminado la secundaria en Corrientes y sent\u00eda que all\u00ed no ten\u00eda opciones. Se anim\u00f3 a probar suerte en el sur de la provincia de Buenos Aires, con la esperanza de encontrar estabilidad econ\u00f3mica.<\/p>\n\n\n\n<p>\u201c\u00c9l le mand\u00f3 un mensaje a su hermana y le dijo que ten\u00eda trabajo en un campo. Fue lo \u00faltimo que supimos\u201d, repite su padre, con la voz quebrada. Desde entonces, la familia revuelve contactos, rastrea nombres, busca testigos que puedan decirle qu\u00e9 pas\u00f3 despu\u00e9s de ese mensaje.<\/p>\n\n\n\n<p>La tormenta lleg\u00f3 ese mismo d\u00eda y fue la m\u00e1s fuerte en a\u00f1os. El temporal que azot\u00f3 Bah\u00eda Blanca el viernes pasado dej\u00f3 un saldo devastador: 16 v\u00edctimas mortales confirmadas. Inicialmente, los reportes oficiales indicaban que cerca de 100 personas estaban sin localizar, pero, seg\u00fan el fiscal general de Bah\u00eda Blanca, Juan Pablo Fern\u00e1ndez, ya se logr\u00f3 determinar el paradero de todas ellas. Aun as\u00ed, no se descarta que puedan surgir nuevos casos. Mientras el suministro de energ\u00eda comienza a restablecerse en algunas zonas c\u00e9ntricas, en localidades como General Cerri e Ingeniero White la situaci\u00f3n sigue siendo cr\u00edtica.<\/p>\n\n\n\n<p>La familia Meza radic\u00f3 la denuncia ante la polic\u00eda, pero la fiscal\u00eda es la encargada de localizar a las personas fallecidas o desaparecidas. Desde all\u00ed aclararon que no han recibido denuncias formales sobre casos sin registrar y explicaron que cualquier persona que haya visto algo o que a\u00fan no haya encontrado a un familiar debe reportarlo. \u201cLos que dicen haber visto fallecidos que no fueron informados, en ning\u00fan momento se presentaron a denunciar tal situaci\u00f3n. Que se acerquen inmediatamente a Estomba 127, donde les tomaremos declaraci\u00f3n, o que llamen al 911 para que quede registrado y podamos proceder en consecuencia. A todos los que afirman eso, que vayan a la fiscal\u00eda, les recibimos toda la informaci\u00f3n en el momento, tambi\u00e9n por mail\u201d, indic\u00f3 el fiscal.<\/p>\n\n\n\n<p>Ante la posibilidad de que existan desaparecidos que no hayan sido detectados por los canales oficiales, Fern\u00e1ndez explic\u00f3 que se realizar\u00e1n relevamientos en los pr\u00f3ximos d\u00edas. \u201cVa a llevar tiempo, no es sencillo\u201d, advirti\u00f3.<\/p>\n\n\n\n<p>\u201cComo si se lo hubiese tragado la tierra\u201d<br>\u201cNo sabemos si lleg\u00f3 al campo, si qued\u00f3 atrapado en la tormenta, si alguien lo vio despu\u00e9s. Nada. Es como si se lo hubiese tragado la tierra\u201d hermana de Joel, Sol, que es polic\u00eda en Bah\u00eda Blanca y busca por su cuenta lo que las autoridades todav\u00eda no encuentran.<\/p>\n\n\n\n<p>Las horas pasan, y con cada una, la angustia crece. No hay noticias de Joel en hospitales, en comisar\u00edas, en refugios. \u201cHicimos denuncias, hablamos con la polic\u00eda, buscamos en los lugares donde podr\u00eda estar\u201d, dice su padre a este medio.<\/p>\n\n\n\n<p>En la b\u00fasqueda, la familia va reconstruyendo lo que podr\u00eda haber pasado. \u00bfLleg\u00f3 al campo? \u00bfAlguien lo vio despu\u00e9s? En medio del desastre, muchos quedaron incomunicados. Pero la mayor\u00eda reapareci\u00f3. Joel no.<\/p>\n\n\n\n<p>La polic\u00eda trabaja con las \u00faltimas pistas. Revisan c\u00e1maras, rastrean llamadas, pero por ahora no hay respuestas.<\/p>\n\n\n\n<p>\u201cNosotros no queremos otra cosa m\u00e1s que encontrarlo. No importa c\u00f3mo, solo queremos saber qu\u00e9 pas\u00f3\u201d, dice su hermana, con la voz cargada de cansancio. \u201cAlgo tiene que haber pasado\u201d, agrega.<\/p>\n\n\n\n<p>Mide 1,83 metros, tiene ojos claros y casi no le queda pelo. Siempre usa gorra. Tiene 24 a\u00f1os, es soltero y trabaja desde joven. Sali\u00f3 en busca de una oportunidad y se perdi\u00f3 en medio de la tormenta. \u201cLa hermana est\u00e1 desesperada, averiguando por sus propios medios\u201d, dice su padre. \u201cNosotros tambi\u00e9n. Lo \u00fanico que queremos es que vuelva a casa\u201d, completa.<\/p>\n\n\n\n<p>En medio de una ciudad que intenta levantarse despu\u00e9s del desastre, una familia sigue esperando. La tormenta pas\u00f3. Pero la incertidumbre, para ellos, todav\u00eda no termina.<\/p>\n\n\n\n<p>Un rostro entre muchos<br>Joel no es el \u00fanico desaparecido. La tormenta dej\u00f3 un caos dif\u00edcil de ordenar, y su caso no es el \u00fanico que mantiene en vilo a las familias. Entre los desaparecidos tambi\u00e9n est\u00e1 el de Germ\u00e1n Villegas, un hombre que vive en situaci\u00f3n de calle y cuyo paradero sigue siendo un misterio. Sus sobrinos, que lo buscan desesperadamente, desconocen qu\u00e9 pudo haberle ocurrido tras la tormenta. Desde el primer d\u00eda, han recurrido a las redes sociales para intentar localizarlo, compartiendo fotos y pidiendo cualquier informaci\u00f3n que ayude a encontrarlo.<\/p>\n\n\n\n<p>Mientras tanto, las familias de los desaparecidos afirman a este medio que no han detenido la b\u00fasqueda de sus seres queridos. Cada d\u00eda se suman nuevos datos, testimonios e indicios que alimentan la esperanza de hallarlos con vida. Las listas con nombres y descripciones se actualizan constantemente; algunos rostros logran reencontrarse con sus familias, pero otros siguen en la incertidumbre. En redes sociales, los pedidos de ayuda no cesan, y cada publicaci\u00f3n se convierte en un grito de angustia y de espera, en la esperanza de obtener una respuesta.<\/p>\n","protected":false},"excerpt":{"rendered":"<p>La madre no duerme. No puede. Pas\u00f3 casi una semana desde la \u00faltima vez que su hijo le contest\u00f3 un mensaje. En la capital de Corrientes, donde vive, su tel\u00e9fono&hellip; <\/p>\n","protected":false},"author":1,"featured_media":196527,"comment_status":"closed","ping_status":"open","sticky":false,"template":"","format":"standard","meta":{"footnotes":""},"categories":[17],"tags":[],"class_list":["post-196518","post","type-post","status-publish","format-standard","has-post-thumbnail","hentry","category-sociales"],"_links":{"self":[{"href":"https:\/\/corrientesdetarde.com\/index.php\/wp-json\/wp\/v2\/posts\/196518","targetHints":{"allow":["GET"]}}],"collection":[{"href":"https:\/\/corrientesdetarde.com\/index.php\/wp-json\/wp\/v2\/posts"}],"about":[{"href":"https:\/\/corrientesdetarde.com\/index.php\/wp-json\/wp\/v2\/types\/post"}],"author":[{"embeddable":true,"href":"https:\/\/corrientesdetarde.com\/index.php\/wp-json\/wp\/v2\/users\/1"}],"replies":[{"embeddable":true,"href":"https:\/\/corrientesdetarde.com\/index.php\/wp-json\/wp\/v2\/comments?post=196518"}],"version-history":[{"count":1,"href":"https:\/\/corrientesdetarde.com\/index.php\/wp-json\/wp\/v2\/posts\/196518\/revisions"}],"predecessor-version":[{"id":196529,"href":"https:\/\/corrientesdetarde.com\/index.php\/wp-json\/wp\/v2\/posts\/196518\/revisions\/196529"}],"wp:featuredmedia":[{"embeddable":true,"href":"https:\/\/corrientesdetarde.com\/index.php\/wp-json\/wp\/v2\/media\/196527"}],"wp:attachment":[{"href":"https:\/\/corrientesdetarde.com\/index.php\/wp-json\/wp\/v2\/media?parent=196518"}],"wp:term":[{"taxonomy":"category","embeddable":true,"href":"https:\/\/corrientesdetarde.com\/index.php\/wp-json\/wp\/v2\/categories?post=196518"},{"taxonomy":"post_tag","embeddable":true,"href":"https:\/\/corrientesdetarde.com\/index.php\/wp-json\/wp\/v2\/tags?post=196518"}],"curies":[{"name":"wp","href":"https:\/\/api.w.org\/{rel}","templated":true}]}}