{"id":196526,"date":"2025-03-14T08:43:09","date_gmt":"2025-03-14T11:43:09","guid":{"rendered":"https:\/\/corrientesdetarde.com\/?p=196526"},"modified":"2025-03-14T12:19:28","modified_gmt":"2025-03-14T15:19:28","slug":"plus-de-refuerzo-valdes-dio-a-conocer-los-dias-de-pago-del-adicional-de-marzo","status":"publish","type":"post","link":"https:\/\/corrientesdetarde.com\/index.php\/economia\/plus-de-refuerzo-valdes-dio-a-conocer-los-dias-de-pago-del-adicional-de-marzo\/","title":{"rendered":"Plus de Refuerzo: Vald\u00e9s dio a conocer los d\u00edas de pago del adicional de marzo"},"content":{"rendered":"\n<p>El gobernador Gustavo Vald\u00e9s adelant\u00f3 que los agentes de la administraci\u00f3n p\u00fablica provincial percibir\u00e1n el beneficio salarial entre este lunes 17 y el viernes 21. Alcanza a activos, jubilados y pensionados.<\/p>\n\n\n\n<p>A trav\u00e9s de sus redes sociales (@gustavovaldesok) el primer mandatario correntino Gustavo Vald\u00e9s inform\u00f3 que entre este lunes 17 y el viernes 21, el Gobierno de Corrientes paga el Plus de Refuerzo correspondiente a marzo, de $50 mil pesos por agente. Alcanza a activos, jubilados y pensionados de la administraci\u00f3n p\u00fablica provincial.<\/p>\n\n\n\n<p>El lunes 17 cobrar\u00e1n los agentes con Documento Nacional de Identidad con n\u00fameros terminados en 0 y 1. Este tramo estar\u00e1 disponible a trav\u00e9s de homebanking y cajeros habilitados por el Banco de Corrientes a partir del s\u00e1bado 15.<\/p>\n\n\n\n<p>El cronograma de pago contin\u00faa el martes 18, jornada que percibir\u00e1n los agentes con DNI finalizados en 2 y 3. El mi\u00e9rcoles 19, aquellos con n\u00fameros 4 y 5. El jueves 20, 6 y 7; y el pago del Plus de Refuerzo de marzo termina el viernes 21, d\u00eda que cobrar\u00e1n los beneficiarios con 8 y 9.<\/p>\n\n\n\n<figure class=\"wp-block-image size-large\"><img decoding=\"async\" src=\"https:\/\/corrientesdetarde.com\/wp-content\/uploads\/2025\/03\/image-554-1024x1024.png\" alt=\"\" class=\"wp-image-196535\"\/><\/figure>\n","protected":false},"excerpt":{"rendered":"<p>El gobernador Gustavo Vald\u00e9s adelant\u00f3 que los agentes de la administraci\u00f3n p\u00fablica provincial percibir\u00e1n el beneficio salarial entre este lunes 17 y el viernes 21. Alcanza a activos, jubilados y&hellip; <\/p>\n","protected":false},"author":1,"featured_media":196535,"comment_status":"closed","ping_status":"open","sticky":false,"template":"","format":"standard","meta":{"footnotes":""},"categories":[23,20],"tags":[],"class_list":["post-196526","post","type-post","status-publish","format-standard","has-post-thumbnail","hentry","category-actualidad","category-economia"],"_links":{"self":[{"href":"https:\/\/corrientesdetarde.com\/index.php\/wp-json\/wp\/v2\/posts\/196526","targetHints":{"allow":["GET"]}}],"collection":[{"href":"https:\/\/corrientesdetarde.com\/index.php\/wp-json\/wp\/v2\/posts"}],"about":[{"href":"https:\/\/corrientesdetarde.com\/index.php\/wp-json\/wp\/v2\/types\/post"}],"author":[{"embeddable":true,"href":"https:\/\/corrientesdetarde.com\/index.php\/wp-json\/wp\/v2\/users\/1"}],"replies":[{"embeddable":true,"href":"https:\/\/corrientesdetarde.com\/index.php\/wp-json\/wp\/v2\/comments?post=196526"}],"version-history":[{"count":1,"href":"https:\/\/corrientesdetarde.com\/index.php\/wp-json\/wp\/v2\/posts\/196526\/revisions"}],"predecessor-version":[{"id":196536,"href":"https:\/\/corrientesdetarde.com\/index.php\/wp-json\/wp\/v2\/posts\/196526\/revisions\/196536"}],"wp:featuredmedia":[{"embeddable":true,"href":"https:\/\/corrientesdetarde.com\/index.php\/wp-json\/wp\/v2\/media\/196535"}],"wp:attachment":[{"href":"https:\/\/corrientesdetarde.com\/index.php\/wp-json\/wp\/v2\/media?parent=196526"}],"wp:term":[{"taxonomy":"category","embeddable":true,"href":"https:\/\/corrientesdetarde.com\/index.php\/wp-json\/wp\/v2\/categories?post=196526"},{"taxonomy":"post_tag","embeddable":true,"href":"https:\/\/corrientesdetarde.com\/index.php\/wp-json\/wp\/v2\/tags?post=196526"}],"curies":[{"name":"wp","href":"https:\/\/api.w.org\/{rel}","templated":true}]}}