{"id":196530,"date":"2025-03-14T08:38:06","date_gmt":"2025-03-14T11:38:06","guid":{"rendered":"https:\/\/corrientesdetarde.com\/?p=196530"},"modified":"2025-03-14T08:38:18","modified_gmt":"2025-03-14T11:38:18","slug":"milei-viajara-hoy-a-la-expoagro-2025","status":"publish","type":"post","link":"https:\/\/corrientesdetarde.com\/index.php\/informacion-general\/milei-viajara-hoy-a-la-expoagro-2025\/","title":{"rendered":"Milei viajar\u00e1 hoy a la ExpoAgro 2025"},"content":{"rendered":"\n<p>El presidente, Javier Milei, asistir\u00e1 este viernes al \u00faltimo d\u00eda de la ExpoAgro edici\u00f3n 2025, en el aut\u00f3dromo de San Nicol\u00e1s. Se espera que durante el evento destaque los logros econ\u00f3micos de su gesti\u00f3n y repase las pol\u00edticas del sector.<\/p>\n\n\n\n<p><\/p>\n\n\n\n<p>El a\u00f1o pasado Milei, el 5 de marzo, estuvo en San Nicol\u00e1s junto al diputado nacional Jos\u00e9 Luis Espert, su hermana y secretaria General de la Presidencia, Karina Milei, y en su discurso habl\u00f3 del posible levantamiento del cepo cambiario y de las medidas que iban a favorecer al sector. \u201cLa libertad les va a permitir volver a ser el motor del crecimiento argentino. La idea es levantar el cepo lo antes posible\u201d, dijo el presidente.<\/p>\n\n\n\n<p>En esa ocasi\u00f3n hab\u00eda hablado sobre las medidas econ\u00f3micas de sus primeros meses de gobierno que apuntaban a la disminuci\u00f3n de la inflaci\u00f3n. Ahora realizar\u00e1 una recorrida por las instalaciones y es muy probable que, en el auditorio, se refiera nuevamente a la marcha del plan econ\u00f3mico y a las medidas que se adoptaron para el campo durante los primeros 15 meses de gesti\u00f3n como la baja de retenciones que se aplic\u00f3 a las exportaciones. El s\u00e1bado 8, Milei iba a viajar a Mendoza donde iba a compartir un almuerzo con unos 300 empresarios bodegueros en la Fiesta de la Vendimia pero finalmente suspendi\u00f3 el viaje por el tema inundaciones.<\/p>\n\n\n\n<p>En la exposici\u00f3n de este a\u00f1o habr\u00e1 unas 600 empresas exhibiendo sus productos, principalmente de maquinaria agr\u00edcola y con una intervenci\u00f3n importante de los sectores ganaderos.<\/p>\n\n\n\n<p>Otros que confirmaron su presencia son los gobernadores Axel Kicillof (Buenos Aires), Maximiliano Pullaro (Santa Fe), Gustavo Vald\u00e9s (Corrientes), Rogelio Frigerio (Entre R\u00edos), Ignacio Torres (Chubut) y Leandro Zdero (Chaco).<\/p>\n\n\n\n<p>Adem\u00e1s, visitar\u00e1n el predio ferial, que el a\u00f1o pasado recibi\u00f3 a m\u00e1s de 180 mil personas y que est\u00e1 ubicado en el kil\u00f3metro 225 de la ruta 9, el ministro de Desarrollo Agrario de la provincia de Buenos Aires, Javier Rodr\u00edguez, el ministro de Industria de provincia de Buenos Aires, Gabriel Katopodis; el secretario de Agricultura, Ganader\u00eda y Pesca de la Naci\u00f3n, Sergio Iraeta y a Nicol\u00e1s Bronzovich, presidente del Instituto Nacional de Teconolog\u00eda Agropecuaria (INTA).<\/p>\n\n\n\n<p>Otras autoridades que fueron invitadas son Juan Cuattromo, presidente de Banco Provincia y del directorio del Banco Provincia de Buenos Aires, Horacio Mar\u00edn, presidente de YPF y tambi\u00e9n de su directorio, y Daniel Tillard, presidente de Banco Naci\u00f3n y del directorio del Banco Naci\u00f3n.<\/p>\n\n\n\n<p>El mi\u00e9rcoles 12 se inaugurar\u00e1 un espacio de rob\u00f3tica e inteligencia artificial denominado Eureka, donde habr\u00e1 tres paneles en los que se abordar\u00e1 la importancia de estos dos elementos para el sector. A partir de las 16 el ingeniero agr\u00f3nomo del INTA, Hern\u00e1n Ferrari, disertar\u00e1 sobre \u201cSoluciones rob\u00f3ticas para enfrentar los desaf\u00edos de la seguridad alimentaria global\u201d. Un rato m\u00e1s tarde ser\u00e1 el turno \u201cUna Aliada para Enfrentar los Retos del Cambio Clim\u00e1tico en el Agro\u201d, con el doctor en Biotecnologia, de la Universidad Polit\u00e9cnica de Valencia, Espa\u00f1a, Gerardo S\u00e1nchez.<\/p>\n\n\n\n<p>Por \u00faltimo, a las 16.30 se har\u00e1 el panel de Agtech. Desarrollos concretos. Fernando Mart\u00ednez de Hoz (Zoomagri); Juan Manuel Baruffaldi (Deepagro); Nicol\u00e1s Zar (Metalfor); Mart\u00edn Cordasco (Wiagro); Mirco Bombieri (Bombieri).<\/p>\n","protected":false},"excerpt":{"rendered":"<p>El presidente, Javier Milei, asistir\u00e1 este viernes al \u00faltimo d\u00eda de la ExpoAgro edici\u00f3n 2025, en el aut\u00f3dromo de San Nicol\u00e1s. Se espera que durante el evento destaque los logros&hellip; <\/p>\n","protected":false},"author":1,"featured_media":196531,"comment_status":"closed","ping_status":"open","sticky":false,"template":"","format":"standard","meta":{"footnotes":""},"categories":[1],"tags":[],"class_list":["post-196530","post","type-post","status-publish","format-standard","has-post-thumbnail","hentry","category-informacion-general"],"_links":{"self":[{"href":"https:\/\/corrientesdetarde.com\/index.php\/wp-json\/wp\/v2\/posts\/196530","targetHints":{"allow":["GET"]}}],"collection":[{"href":"https:\/\/corrientesdetarde.com\/index.php\/wp-json\/wp\/v2\/posts"}],"about":[{"href":"https:\/\/corrientesdetarde.com\/index.php\/wp-json\/wp\/v2\/types\/post"}],"author":[{"embeddable":true,"href":"https:\/\/corrientesdetarde.com\/index.php\/wp-json\/wp\/v2\/users\/1"}],"replies":[{"embeddable":true,"href":"https:\/\/corrientesdetarde.com\/index.php\/wp-json\/wp\/v2\/comments?post=196530"}],"version-history":[{"count":1,"href":"https:\/\/corrientesdetarde.com\/index.php\/wp-json\/wp\/v2\/posts\/196530\/revisions"}],"predecessor-version":[{"id":196532,"href":"https:\/\/corrientesdetarde.com\/index.php\/wp-json\/wp\/v2\/posts\/196530\/revisions\/196532"}],"wp:featuredmedia":[{"embeddable":true,"href":"https:\/\/corrientesdetarde.com\/index.php\/wp-json\/wp\/v2\/media\/196531"}],"wp:attachment":[{"href":"https:\/\/corrientesdetarde.com\/index.php\/wp-json\/wp\/v2\/media?parent=196530"}],"wp:term":[{"taxonomy":"category","embeddable":true,"href":"https:\/\/corrientesdetarde.com\/index.php\/wp-json\/wp\/v2\/categories?post=196530"},{"taxonomy":"post_tag","embeddable":true,"href":"https:\/\/corrientesdetarde.com\/index.php\/wp-json\/wp\/v2\/tags?post=196530"}],"curies":[{"name":"wp","href":"https:\/\/api.w.org\/{rel}","templated":true}]}}