{"id":196539,"date":"2025-03-14T08:45:35","date_gmt":"2025-03-14T11:45:35","guid":{"rendered":"https:\/\/corrientesdetarde.com\/?p=196539"},"modified":"2025-03-14T08:45:38","modified_gmt":"2025-03-14T11:45:38","slug":"el-senado-inauguro-su-ciclo-de-actividades-culturales-2025-con-la-muestra-cunatai-pora","status":"publish","type":"post","link":"https:\/\/corrientesdetarde.com\/index.php\/cultura\/el-senado-inauguro-su-ciclo-de-actividades-culturales-2025-con-la-muestra-cunatai-pora\/","title":{"rendered":"El Senado inaugur\u00f3 su ciclo de Actividades Culturales 2025 con la muestra \u201cCu\u00f1ata\u00ed Por\u00e1\u201d"},"content":{"rendered":"\n<p>El Senado de la Provincia dio inicio al ciclo de Actividades Culturales 2025 con un evento en las escalinatas de la Legislatura provincial, encabezado por el vicegobernador, doctor Pedro Braillard Poccard. En esta ocasi\u00f3n, se inaugur\u00f3 la muestra colectiva \u201cCu\u00f1ata\u00ed Por\u00e1\u201d, que podr\u00e1 visitarse en el Sal\u00f3n de los Pasos Perdidos.<\/p>\n\n\n\n<p>El acto fue un homenaje especial a las mujeres correntinas, en conmemoraci\u00f3n del D\u00eda Internacional de la Mujer celebrado el pasado 8 de marzo. La muestra reuni\u00f3 a once destacadas mujeres artistas de la capital y el interior de la provincia, representando una variedad de t\u00e9cnicas y estilos.<\/p>\n\n\n\n<figure class=\"wp-block-image size-large\"><img loading=\"lazy\" decoding=\"async\" width=\"1024\" height=\"683\" src=\"https:\/\/corrientesdetarde.com\/wp-content\/uploads\/2025\/03\/Imagen-de-WhatsApp-2025-03-14-a-las-08.09.11_eab19f82-1024x683.jpg\" alt=\"\" class=\"wp-image-196544\" srcset=\"https:\/\/corrientesdetarde.com\/wp-content\/uploads\/2025\/03\/Imagen-de-WhatsApp-2025-03-14-a-las-08.09.11_eab19f82-1024x683.jpg 1024w, https:\/\/corrientesdetarde.com\/wp-content\/uploads\/2025\/03\/Imagen-de-WhatsApp-2025-03-14-a-las-08.09.11_eab19f82-300x200.jpg 300w, https:\/\/corrientesdetarde.com\/wp-content\/uploads\/2025\/03\/Imagen-de-WhatsApp-2025-03-14-a-las-08.09.11_eab19f82-768x512.jpg 768w, https:\/\/corrientesdetarde.com\/wp-content\/uploads\/2025\/03\/Imagen-de-WhatsApp-2025-03-14-a-las-08.09.11_eab19f82-1536x1024.jpg 1536w, https:\/\/corrientesdetarde.com\/wp-content\/uploads\/2025\/03\/Imagen-de-WhatsApp-2025-03-14-a-las-08.09.11_eab19f82.jpg 1599w\" sizes=\"auto, (max-width: 1024px) 100vw, 1024px\" \/><\/figure>\n\n\n\n<p>Durante su discurso, el vicegobernador Pedro Braillard Poccard destac\u00f3 la importancia del arte y la cultura en la identidad correntina: \u201cCreo que va a ser un a\u00f1o sumamente rico, que hoy se inaugura con una muestra que nos va a deleitar a todos\u201d. Adem\u00e1s, resalt\u00f3 el esfuerzo de su gesti\u00f3n por brindar visibilidad a los talentos locales: \u201cSi de algo me siento orgulloso es que muchos artistas que no eran conocidos tuvieron la oportunidad de mostrar su talento, que est\u00e1 tan enraizado en nuestra gente, que es parte de esta cultura tan rica que es la correntina\u201d.<\/p>\n\n\n\n<p>En el evento estuvieron presentes autoridades provinciales y municipales, entre ellos el senador provincial Dr. Di\u00f3genes Gonz\u00e1lez, la diputada provincial Dra. Albana Rotela, la concejal Dra. Melisa Mecca, el intendente de It\u00e1 Ibat\u00e9 Secundino Manuel Portela y el viceintendente Rolando Rivero Longoni. Tambi\u00e9n participaron, la directora de Cultura de Mercedes, Ana Ester Ferrando Trim, y el secretario de Cultura y Educaci\u00f3n de It\u00e1 Ibat\u00e9, Joaqu\u00edn Sosa.<\/p>\n\n\n\n<figure class=\"wp-block-image size-large\"><img loading=\"lazy\" decoding=\"async\" width=\"1024\" height=\"683\" src=\"https:\/\/corrientesdetarde.com\/wp-content\/uploads\/2025\/03\/Imagen-de-WhatsApp-2025-03-14-a-las-08.09.11_046f8d14-1024x683.jpg\" alt=\"\" class=\"wp-image-196543\" srcset=\"https:\/\/corrientesdetarde.com\/wp-content\/uploads\/2025\/03\/Imagen-de-WhatsApp-2025-03-14-a-las-08.09.11_046f8d14-1024x683.jpg 1024w, https:\/\/corrientesdetarde.com\/wp-content\/uploads\/2025\/03\/Imagen-de-WhatsApp-2025-03-14-a-las-08.09.11_046f8d14-300x200.jpg 300w, https:\/\/corrientesdetarde.com\/wp-content\/uploads\/2025\/03\/Imagen-de-WhatsApp-2025-03-14-a-las-08.09.11_046f8d14-768x512.jpg 768w, https:\/\/corrientesdetarde.com\/wp-content\/uploads\/2025\/03\/Imagen-de-WhatsApp-2025-03-14-a-las-08.09.11_046f8d14-1536x1024.jpg 1536w, https:\/\/corrientesdetarde.com\/wp-content\/uploads\/2025\/03\/Imagen-de-WhatsApp-2025-03-14-a-las-08.09.11_046f8d14.jpg 1599w\" sizes=\"auto, (max-width: 1024px) 100vw, 1024px\" \/><\/figure>\n\n\n\n<p>El desarrollo de la actividad estuvo marcado por una variada programaci\u00f3n art\u00edstica. El inicio estuvo a cargo de Regina Ferrazzi Blanco, joven artista correntina de 16 a\u00f1os, quien interpret\u00f3 una pieza musical en las escalinatas. Posteriormente, la diputada Rotela brind\u00f3 unas palabras en conmemoraci\u00f3n por el D\u00eda de la Mujer.<\/p>\n\n\n\n<p>Uno de los momentos m\u00e1s emotivos fue la interpretaci\u00f3n de \u201cA la abuela Emilia\u201d por Carolina Garc\u00eda Ferreira, directora de Coral Corrientes, acompa\u00f1ada por Gory Varela en guitarra y la danza del Ballet Folcl\u00f3rico Juvenil de la C\u00e1mara de Senadores. Luego se realiz\u00f3 la entrega de certificados a las artistas expositoras.<\/p>\n\n\n\n<p>Adem\u00e1s, en el cierre art\u00edstico musical particip\u00f3 el Ballet Folcl\u00f3rico Juvenil de la C\u00e1mara de Senadores, dirigido por los profesores Marta Vidoni y Rodrigo Gemignani. Finalmente, las autoridades y artistas presentes llevaron a cabo el tradicional corte de cinta, dejando inaugurada oficialmente la muestra \u201cCu\u00f1ata\u00ed Por\u00e1\u201d.<\/p>\n\n\n\n<p>La muestra re\u00fane obras de once destacadas mujeres artistas de la capital y el interior de la provincia de distintas edades y diversas t\u00e9cnicas. Ellas son: Agustina Nadal, An\u00edsima y Mar\u00eda Magdalena Artigas (Corrientes); Marta Alicia Reyes Letellier (Goya); Lucia Breard (Loreto); Marisa Isabel Dur\u00e9 (Bella Vista); Mar\u00eda Elena Santin\u00f3n (It\u00e1 Ibat\u00e9); Sonia Fern\u00e1ndez (Curuz\u00fa Cuati\u00e1); la Escuela Art\u00edstica Cultural Municipal (Mercedes); y Martina P\u00e9rez (Concepci\u00f3n).<\/p>\n\n\n\n<p>La exposici\u00f3n estar\u00e1 abierta al p\u00fablico de lunes a viernes, de 8 a 20, en el Sal\u00f3n de los Pasos Perdidos de la Legislatura provincial. Con esta iniciativa, el Senado reafirma su compromiso con la promoci\u00f3n del arte y la cultura, ofreciendo un espacio de visibilidad y reconocimiento a los talentos locales.<\/p>\n\n\n\n<figure class=\"wp-block-image size-large\"><img loading=\"lazy\" decoding=\"async\" width=\"1024\" height=\"683\" src=\"https:\/\/corrientesdetarde.com\/wp-content\/uploads\/2025\/03\/Imagen-de-WhatsApp-2025-03-14-a-las-08.09.10_7e81b431-1024x683.jpg\" alt=\"\" class=\"wp-image-196541\" srcset=\"https:\/\/corrientesdetarde.com\/wp-content\/uploads\/2025\/03\/Imagen-de-WhatsApp-2025-03-14-a-las-08.09.10_7e81b431-1024x683.jpg 1024w, https:\/\/corrientesdetarde.com\/wp-content\/uploads\/2025\/03\/Imagen-de-WhatsApp-2025-03-14-a-las-08.09.10_7e81b431-300x200.jpg 300w, https:\/\/corrientesdetarde.com\/wp-content\/uploads\/2025\/03\/Imagen-de-WhatsApp-2025-03-14-a-las-08.09.10_7e81b431-768x512.jpg 768w, https:\/\/corrientesdetarde.com\/wp-content\/uploads\/2025\/03\/Imagen-de-WhatsApp-2025-03-14-a-las-08.09.10_7e81b431-1536x1024.jpg 1536w, https:\/\/corrientesdetarde.com\/wp-content\/uploads\/2025\/03\/Imagen-de-WhatsApp-2025-03-14-a-las-08.09.10_7e81b431.jpg 1599w\" sizes=\"auto, (max-width: 1024px) 100vw, 1024px\" \/><\/figure>\n\n\n\n<figure class=\"wp-block-image size-large\"><img loading=\"lazy\" decoding=\"async\" width=\"1024\" height=\"683\" src=\"https:\/\/corrientesdetarde.com\/wp-content\/uploads\/2025\/03\/Imagen-de-WhatsApp-2025-03-14-a-las-08.09.10_7c5ac2b5-1024x683.jpg\" alt=\"\" class=\"wp-image-196540\" srcset=\"https:\/\/corrientesdetarde.com\/wp-content\/uploads\/2025\/03\/Imagen-de-WhatsApp-2025-03-14-a-las-08.09.10_7c5ac2b5-1024x683.jpg 1024w, https:\/\/corrientesdetarde.com\/wp-content\/uploads\/2025\/03\/Imagen-de-WhatsApp-2025-03-14-a-las-08.09.10_7c5ac2b5-300x200.jpg 300w, https:\/\/corrientesdetarde.com\/wp-content\/uploads\/2025\/03\/Imagen-de-WhatsApp-2025-03-14-a-las-08.09.10_7c5ac2b5-768x512.jpg 768w, https:\/\/corrientesdetarde.com\/wp-content\/uploads\/2025\/03\/Imagen-de-WhatsApp-2025-03-14-a-las-08.09.10_7c5ac2b5-1536x1024.jpg 1536w, https:\/\/corrientesdetarde.com\/wp-content\/uploads\/2025\/03\/Imagen-de-WhatsApp-2025-03-14-a-las-08.09.10_7c5ac2b5.jpg 1599w\" sizes=\"auto, (max-width: 1024px) 100vw, 1024px\" \/><\/figure>\n","protected":false},"excerpt":{"rendered":"<p>El Senado de la Provincia dio inicio al ciclo de Actividades Culturales 2025 con un evento en las escalinatas de la Legislatura provincial, encabezado por el vicegobernador, doctor Pedro Braillard&hellip; <\/p>\n","protected":false},"author":1,"featured_media":196542,"comment_status":"closed","ping_status":"open","sticky":false,"template":"","format":"standard","meta":{"footnotes":""},"categories":[15,22],"tags":[],"class_list":["post-196539","post","type-post","status-publish","format-standard","has-post-thumbnail","hentry","category-cultura","category-eventos"],"_links":{"self":[{"href":"https:\/\/corrientesdetarde.com\/index.php\/wp-json\/wp\/v2\/posts\/196539","targetHints":{"allow":["GET"]}}],"collection":[{"href":"https:\/\/corrientesdetarde.com\/index.php\/wp-json\/wp\/v2\/posts"}],"about":[{"href":"https:\/\/corrientesdetarde.com\/index.php\/wp-json\/wp\/v2\/types\/post"}],"author":[{"embeddable":true,"href":"https:\/\/corrientesdetarde.com\/index.php\/wp-json\/wp\/v2\/users\/1"}],"replies":[{"embeddable":true,"href":"https:\/\/corrientesdetarde.com\/index.php\/wp-json\/wp\/v2\/comments?post=196539"}],"version-history":[{"count":1,"href":"https:\/\/corrientesdetarde.com\/index.php\/wp-json\/wp\/v2\/posts\/196539\/revisions"}],"predecessor-version":[{"id":196545,"href":"https:\/\/corrientesdetarde.com\/index.php\/wp-json\/wp\/v2\/posts\/196539\/revisions\/196545"}],"wp:featuredmedia":[{"embeddable":true,"href":"https:\/\/corrientesdetarde.com\/index.php\/wp-json\/wp\/v2\/media\/196542"}],"wp:attachment":[{"href":"https:\/\/corrientesdetarde.com\/index.php\/wp-json\/wp\/v2\/media?parent=196539"}],"wp:term":[{"taxonomy":"category","embeddable":true,"href":"https:\/\/corrientesdetarde.com\/index.php\/wp-json\/wp\/v2\/categories?post=196539"},{"taxonomy":"post_tag","embeddable":true,"href":"https:\/\/corrientesdetarde.com\/index.php\/wp-json\/wp\/v2\/tags?post=196539"}],"curies":[{"name":"wp","href":"https:\/\/api.w.org\/{rel}","templated":true}]}}