{"id":196599,"date":"2025-03-14T19:54:24","date_gmt":"2025-03-14T22:54:24","guid":{"rendered":"https:\/\/corrientesdetarde.com\/?p=196599"},"modified":"2025-03-14T19:54:26","modified_gmt":"2025-03-14T22:54:26","slug":"salud-publica-entrego-equipamiento-a-tres-hospitales-y-a-maternidad-e-infancia","status":"publish","type":"post","link":"https:\/\/corrientesdetarde.com\/index.php\/bienestar-y-salud\/salud-publica-entrego-equipamiento-a-tres-hospitales-y-a-maternidad-e-infancia\/","title":{"rendered":"Salud P\u00fablica entreg\u00f3 equipamiento a tres hospitales y a Maternidad e Infancia"},"content":{"rendered":"\n<p><em>Siguiendo con una pol\u00edtica de reequipar todos los grandes centros sanitarios y los servicios clave, se dieron recursos para consolidar las atenciones. Recibieron los mismos, el hospital J.R. Vidal y los nosocomios de Curuz\u00fa Cuati\u00e1 y Goya.<\/em><\/p>\n\n\n\n<figure class=\"wp-block-image size-large\"><img loading=\"lazy\" decoding=\"async\" width=\"1024\" height=\"672\" src=\"https:\/\/corrientesdetarde.com\/wp-content\/uploads\/2025\/03\/image-570-1024x672.png\" alt=\"\" class=\"wp-image-196608\" srcset=\"https:\/\/corrientesdetarde.com\/wp-content\/uploads\/2025\/03\/image-570-1024x672.png 1024w, https:\/\/corrientesdetarde.com\/wp-content\/uploads\/2025\/03\/image-570-300x197.png 300w, https:\/\/corrientesdetarde.com\/wp-content\/uploads\/2025\/03\/image-570-768x504.png 768w, https:\/\/corrientesdetarde.com\/wp-content\/uploads\/2025\/03\/image-570.png 1267w\" sizes=\"auto, (max-width: 1024px) 100vw, 1024px\" \/><\/figure>\n\n\n\n<p>En la Sala de Situaci\u00f3n del Ministerio de Salud P\u00fablica, el titular de la cartera sanitaria, Ricardo Cardozo, entreg\u00f3 equipamiento. Lo recibieron, autoridades del Servicio de Cl\u00ednica- Oncol\u00f3gica del Hospital J.R. Vidal, \u201cDr. Fernando Irastorza\u201d de Curuz\u00fa Cuati\u00e1, \u201cProf. Dr. Camilo Muniagurria\u201d de Goya y la Direcci\u00f3n de Maternidad e Infancia de este ministerio.<\/p>\n\n\n\n<p>\u201cQuiero agradecer la presencia de todos ustedes y, por encima de este evento, agradecer el trabajo cotidiano que hacen por la salud de los correntinos. Ponen en un muy buen lugar al Ministerio. Esta es una parte de la entrega de equipamientos que venimos haciendo de forma regular. A\u00fan falta y tenemos el compromiso de Administraci\u00f3n en una futura entrega de equipos m\u00e1s complejos\u201d, dijo el ministro de Salud P\u00fablica, Ricardo Cardozo.<\/p>\n\n\n\n<figure class=\"wp-block-image size-large\"><img loading=\"lazy\" decoding=\"async\" width=\"1024\" height=\"680\" src=\"https:\/\/corrientesdetarde.com\/wp-content\/uploads\/2025\/03\/image-571-1024x680.png\" alt=\"\" class=\"wp-image-196609\" srcset=\"https:\/\/corrientesdetarde.com\/wp-content\/uploads\/2025\/03\/image-571-1024x680.png 1024w, https:\/\/corrientesdetarde.com\/wp-content\/uploads\/2025\/03\/image-571-300x199.png 300w, https:\/\/corrientesdetarde.com\/wp-content\/uploads\/2025\/03\/image-571-768x510.png 768w, https:\/\/corrientesdetarde.com\/wp-content\/uploads\/2025\/03\/image-571.png 1268w\" sizes=\"auto, (max-width: 1024px) 100vw, 1024px\" \/><\/figure>\n\n\n\n<p>Por su parte, el jefe del Servicio de Cl\u00ednica M\u00e9dica del Vidal, Dami\u00e1n Pomares, expres\u00f3 que \u201cla complejidad no es la misma que hace unos a\u00f1os y contar con estas herramientas nos permite estar preparados para atender estas situaciones\u201d.<\/p>\n\n\n\n<p>El director adjunto del centro de salud de Curuz\u00fa, Diego Silva, agradeci\u00f3 la entrega y sostuvo que esto permite un fortalecimiento en la atenci\u00f3n no s\u00f3lo de quienes habitan esa ciudad, tambi\u00e9n de zonas aleda\u00f1as.<\/p>\n\n\n\n<p>\u201cLos hospitales del interior hacemos un esfuerzo muy grande para no derivar a Capital, y creo que lo venimos logrando. La complejizaci\u00f3n de los servicios nos permite dar mejor calidad de atenci\u00f3n a los pacientes\u201d, dijo el director del nosocomio de Goya, Ra\u00fal Mart\u00ednez.<\/p>\n\n\n\n<p>A la vez, destac\u00f3 el trabajo que se realiza en Salud P\u00fablica y la presencia del Gobierno Provincial en las instituciones sanitarias.<\/p>\n\n\n\n<p>La directora general de Salud Materno Infanto Juvenil, Adela Saade, tambi\u00e9n destac\u00f3 el esfuerzo del ministerio para fortalecer la atenci\u00f3n de los correntinos.<\/p>\n\n\n\n<p><strong>Equipos<\/strong><\/p>\n\n\n\n<p>Para los quir\u00f3fanos del Hospital Irastorza de Curuz\u00fa Cuati\u00e1:<\/p>\n\n\n\n<p>2 monitores multiparametricos con capnografia<\/p>\n\n\n\n<p>Para el Servicio de Cl\u00ednica- Onco del Hospital Vidal:<\/p>\n\n\n\n<p>1 Cardiodesfibrilador<\/p>\n\n\n\n<p>1 Ec\u00f3grafo<\/p>\n\n\n\n<p>2 Bombas de Infusi\u00f3n<\/p>\n\n\n\n<p>Para Hospital Regional Goya Prof. Dr. Camilo Muniagurria:<\/p>\n\n\n\n<p>2 Monitores multiparametricos<\/p>\n\n\n\n<p>Para Maternidad e Infancia:<\/p>\n\n\n\n<p>1 Bomba de Infusi\u00f3n volum\u00e9trica<\/p>\n\n\n\n<p>5 Bombas de Infusi\u00f3n de Jeringa<\/p>\n\n\n\n<p>5 Cardiotacografo-monitor fetal<\/p>\n\n\n\n<p>5 Colposcopio<\/p>\n\n\n\n<p>20 cunas para reci\u00e9n nacidos con bacha acr\u00edlica y base de metal<\/p>\n\n\n\n<p>5 Fotosforos<\/p>\n\n\n\n<p>5 C\u00e1maras\/ Carcaza humidicadora reutilizable<\/p>\n\n\n\n<p>5 Humificadores. Uso en adulto, pedi\u00e1trico y neonatal.<\/p>\n","protected":false},"excerpt":{"rendered":"<p>Siguiendo con una pol\u00edtica de reequipar todos los grandes centros sanitarios y los servicios clave, se dieron recursos para consolidar las atenciones. Recibieron los mismos, el hospital J.R. Vidal y&hellip; <\/p>\n","protected":false},"author":4,"featured_media":196610,"comment_status":"closed","ping_status":"open","sticky":false,"template":"","format":"standard","meta":{"footnotes":""},"categories":[16],"tags":[],"class_list":["post-196599","post","type-post","status-publish","format-standard","has-post-thumbnail","hentry","category-bienestar-y-salud"],"_links":{"self":[{"href":"https:\/\/corrientesdetarde.com\/index.php\/wp-json\/wp\/v2\/posts\/196599","targetHints":{"allow":["GET"]}}],"collection":[{"href":"https:\/\/corrientesdetarde.com\/index.php\/wp-json\/wp\/v2\/posts"}],"about":[{"href":"https:\/\/corrientesdetarde.com\/index.php\/wp-json\/wp\/v2\/types\/post"}],"author":[{"embeddable":true,"href":"https:\/\/corrientesdetarde.com\/index.php\/wp-json\/wp\/v2\/users\/4"}],"replies":[{"embeddable":true,"href":"https:\/\/corrientesdetarde.com\/index.php\/wp-json\/wp\/v2\/comments?post=196599"}],"version-history":[{"count":1,"href":"https:\/\/corrientesdetarde.com\/index.php\/wp-json\/wp\/v2\/posts\/196599\/revisions"}],"predecessor-version":[{"id":196611,"href":"https:\/\/corrientesdetarde.com\/index.php\/wp-json\/wp\/v2\/posts\/196599\/revisions\/196611"}],"wp:featuredmedia":[{"embeddable":true,"href":"https:\/\/corrientesdetarde.com\/index.php\/wp-json\/wp\/v2\/media\/196610"}],"wp:attachment":[{"href":"https:\/\/corrientesdetarde.com\/index.php\/wp-json\/wp\/v2\/media?parent=196599"}],"wp:term":[{"taxonomy":"category","embeddable":true,"href":"https:\/\/corrientesdetarde.com\/index.php\/wp-json\/wp\/v2\/categories?post=196599"},{"taxonomy":"post_tag","embeddable":true,"href":"https:\/\/corrientesdetarde.com\/index.php\/wp-json\/wp\/v2\/tags?post=196599"}],"curies":[{"name":"wp","href":"https:\/\/api.w.org\/{rel}","templated":true}]}}