{"id":196674,"date":"2025-03-15T09:00:34","date_gmt":"2025-03-15T12:00:34","guid":{"rendered":"https:\/\/corrientesdetarde.com\/?p=196674"},"modified":"2025-03-15T09:00:35","modified_gmt":"2025-03-15T12:00:35","slug":"sustrajo-una-oveja-y-se-la-llevo-sobre-los-hombros","status":"publish","type":"post","link":"https:\/\/corrientesdetarde.com\/index.php\/policiales\/sustrajo-una-oveja-y-se-la-llevo-sobre-los-hombros\/","title":{"rendered":"Sustrajo una oveja y se la llev\u00f3 sobre los hombros"},"content":{"rendered":"\n<p>Un delincuente ingres\u00f3 a la vivienda de un jubilado para sustraer una oveja que se llev\u00f3 sobre sus hombros. A ra\u00edz de este caso, registrado en la ciudad correntina de Curuz\u00fa Cuati\u00e1, comenzaron a salir a la luz otros il\u00edcitos cometidos por igual ladr\u00f3n.<\/p>\n\n\n\n<p>La c\u00e1mara de seguridad de una vivienda del barrio Centenario capt\u00f3 el momento en el que tal sujeto escapaba con el animal ovino en medio de la calle.<\/p>\n\n\n\n<p>Seg\u00fan datos de fuentes extraoficiales, el hecho de singular caracter\u00edstica se produjo hace algunos d\u00edas y gener\u00f3 amplio repudio en la sociedad curuzucuate\u00f1a.<\/p>\n\n\n\n<p>Despu\u00e9s de que la filmaci\u00f3n fue viralizada en redes sociales surgieron detalles acerca del autor del il\u00edcito.<\/p>\n\n\n\n<p>Vecinos del barrio identificado el ladr\u00f3n como un joven que tendr\u00eda 24 a\u00f1os y responde al alias de &#8220;El 21&#8221;.<\/p>\n\n\n\n<p>En el mes de diciembre una familia denunci\u00f3 a tal persona por ingresar a su vivienda y robar numerosos objetos. Sin embargo, aunque siguieron los pasos legales e identificaron al responsable, no lograron que finalice detenido.<\/p>\n","protected":false},"excerpt":{"rendered":"<p>Un delincuente ingres\u00f3 a la vivienda de un jubilado para sustraer una oveja que se llev\u00f3 sobre sus hombros. A ra\u00edz de este caso, registrado en la ciudad correntina de&hellip; <\/p>\n","protected":false},"author":3,"featured_media":196703,"comment_status":"closed","ping_status":"open","sticky":false,"template":"","format":"standard","meta":{"footnotes":""},"categories":[33],"tags":[],"class_list":["post-196674","post","type-post","status-publish","format-standard","has-post-thumbnail","hentry","category-policiales"],"_links":{"self":[{"href":"https:\/\/corrientesdetarde.com\/index.php\/wp-json\/wp\/v2\/posts\/196674","targetHints":{"allow":["GET"]}}],"collection":[{"href":"https:\/\/corrientesdetarde.com\/index.php\/wp-json\/wp\/v2\/posts"}],"about":[{"href":"https:\/\/corrientesdetarde.com\/index.php\/wp-json\/wp\/v2\/types\/post"}],"author":[{"embeddable":true,"href":"https:\/\/corrientesdetarde.com\/index.php\/wp-json\/wp\/v2\/users\/3"}],"replies":[{"embeddable":true,"href":"https:\/\/corrientesdetarde.com\/index.php\/wp-json\/wp\/v2\/comments?post=196674"}],"version-history":[{"count":1,"href":"https:\/\/corrientesdetarde.com\/index.php\/wp-json\/wp\/v2\/posts\/196674\/revisions"}],"predecessor-version":[{"id":196733,"href":"https:\/\/corrientesdetarde.com\/index.php\/wp-json\/wp\/v2\/posts\/196674\/revisions\/196733"}],"wp:featuredmedia":[{"embeddable":true,"href":"https:\/\/corrientesdetarde.com\/index.php\/wp-json\/wp\/v2\/media\/196703"}],"wp:attachment":[{"href":"https:\/\/corrientesdetarde.com\/index.php\/wp-json\/wp\/v2\/media?parent=196674"}],"wp:term":[{"taxonomy":"category","embeddable":true,"href":"https:\/\/corrientesdetarde.com\/index.php\/wp-json\/wp\/v2\/categories?post=196674"},{"taxonomy":"post_tag","embeddable":true,"href":"https:\/\/corrientesdetarde.com\/index.php\/wp-json\/wp\/v2\/tags?post=196674"}],"curies":[{"name":"wp","href":"https:\/\/api.w.org\/{rel}","templated":true}]}}