{"id":196680,"date":"2025-03-15T09:00:26","date_gmt":"2025-03-15T12:00:26","guid":{"rendered":"https:\/\/corrientesdetarde.com\/?p=196680"},"modified":"2025-03-15T09:00:27","modified_gmt":"2025-03-15T12:00:27","slug":"habra-feria-forestal-en-un-lugar-clave-el-puerto-de-ituzaingo","status":"publish","type":"post","link":"https:\/\/corrientesdetarde.com\/index.php\/informacion-general\/habra-feria-forestal-en-un-lugar-clave-el-puerto-de-ituzaingo\/","title":{"rendered":"Habr\u00e1 feria forestal en un lugar clave: el puerto de Ituzaing\u00f3"},"content":{"rendered":"\n<p>Se trata de un evento que hace al menos una d\u00e9cada y un lustro era potestad de Misiones.<\/p>\n\n\n\n<p>Para mediados de a\u00f1o, seg\u00fan se supo, se inaugurar\u00e1 el enorme puerto de la localidad de Ituzaing\u00f3 ubicado estrat\u00e9gicamente en una de las zonas m\u00e1s productivas en materia forestoindustrial. La fecha del corte de cinta ser\u00eda el 26 de junio y ser\u00eda tambi\u00e9n el puntapi\u00e9 inicial para primera feria forestal de la provincia.<\/p>\n","protected":false},"excerpt":{"rendered":"<p>Se trata de un evento que hace al menos una d\u00e9cada y un lustro era potestad de Misiones. Para mediados de a\u00f1o, seg\u00fan se supo, se inaugurar\u00e1 el enorme puerto&hellip; <\/p>\n","protected":false},"author":3,"featured_media":196700,"comment_status":"closed","ping_status":"open","sticky":false,"template":"","format":"standard","meta":{"footnotes":""},"categories":[1],"tags":[],"class_list":["post-196680","post","type-post","status-publish","format-standard","has-post-thumbnail","hentry","category-informacion-general"],"_links":{"self":[{"href":"https:\/\/corrientesdetarde.com\/index.php\/wp-json\/wp\/v2\/posts\/196680","targetHints":{"allow":["GET"]}}],"collection":[{"href":"https:\/\/corrientesdetarde.com\/index.php\/wp-json\/wp\/v2\/posts"}],"about":[{"href":"https:\/\/corrientesdetarde.com\/index.php\/wp-json\/wp\/v2\/types\/post"}],"author":[{"embeddable":true,"href":"https:\/\/corrientesdetarde.com\/index.php\/wp-json\/wp\/v2\/users\/3"}],"replies":[{"embeddable":true,"href":"https:\/\/corrientesdetarde.com\/index.php\/wp-json\/wp\/v2\/comments?post=196680"}],"version-history":[{"count":1,"href":"https:\/\/corrientesdetarde.com\/index.php\/wp-json\/wp\/v2\/posts\/196680\/revisions"}],"predecessor-version":[{"id":196729,"href":"https:\/\/corrientesdetarde.com\/index.php\/wp-json\/wp\/v2\/posts\/196680\/revisions\/196729"}],"wp:featuredmedia":[{"embeddable":true,"href":"https:\/\/corrientesdetarde.com\/index.php\/wp-json\/wp\/v2\/media\/196700"}],"wp:attachment":[{"href":"https:\/\/corrientesdetarde.com\/index.php\/wp-json\/wp\/v2\/media?parent=196680"}],"wp:term":[{"taxonomy":"category","embeddable":true,"href":"https:\/\/corrientesdetarde.com\/index.php\/wp-json\/wp\/v2\/categories?post=196680"},{"taxonomy":"post_tag","embeddable":true,"href":"https:\/\/corrientesdetarde.com\/index.php\/wp-json\/wp\/v2\/tags?post=196680"}],"curies":[{"name":"wp","href":"https:\/\/api.w.org\/{rel}","templated":true}]}}