{"id":196684,"date":"2025-03-15T09:00:31","date_gmt":"2025-03-15T12:00:31","guid":{"rendered":"https:\/\/corrientesdetarde.com\/?p=196684"},"modified":"2025-03-15T09:00:32","modified_gmt":"2025-03-15T12:00:32","slug":"capturan-a-expolicia-imputado-por-abuso-sexual-a-una-familiar","status":"publish","type":"post","link":"https:\/\/corrientesdetarde.com\/index.php\/policiales\/capturan-a-expolicia-imputado-por-abuso-sexual-a-una-familiar\/","title":{"rendered":"Capturan a expolic\u00eda imputado por abuso sexual a una familiar"},"content":{"rendered":"\n<p>El hombre fue hallado en el barrio Irup\u00e9 por la Polic\u00eda Federal Argentina.<\/p>\n\n\n\n<p>Un exintegrante de la Polic\u00eda de Corrientes estaba pr\u00f3fugo de la Justicia y finaliz\u00f3 detenido por una brigada de la Polic\u00eda Federal Argentina (PFA). El hombre est\u00e1 imputado como autor de los delitos de abuso sexual y amenazas coactivas.<\/p>\n\n\n\n<p>La v\u00edctima de los il\u00edcitos ser\u00eda una familiar del exfuncionario de seguridad a quien un grupo de federales encontr\u00f3 caminando en una esquina del barrio Irup\u00e9, en la zona sureste de la capital correntina.<\/p>\n\n\n\n<p>Efectivos de la Divisi\u00f3n Unidad Operativa de Investigaciones Especiales de la PFA, asiento Corrientes y dependiente de la Superintendencia de Agencias Federales, ten\u00eda a cargo el trabajo de b\u00fasqueda y captura.<\/p>\n\n\n\n<p>La Justicia pidi\u00f3 a la Federal, como fuerza neutral, para dar con el paradero de quien fue miembro de la Polic\u00eda provincial.<\/p>\n\n\n\n<p>Seg\u00fan la informaci\u00f3n suministrada a diario \u00e9poca, los detectives obtuvieron datos precisos que los condujeron hasta la intersecci\u00f3n de calles Boston y Las Piedras.<\/p>\n\n\n\n<p>&#8220;Ante el requerimiento judicial, la dependencia inici\u00f3 una serie de medidas investigativas para dar con su paradero. El equipo de trabajo de la brigada policial, tras realizar diversas tareas propias y de campo, procedi\u00f3 a la identificaci\u00f3n y posterior detenci\u00f3n&#8221;, explicaron en un comunicado de prensa.<\/p>\n\n\n\n<p>Respecto a detalles sobre la identidad del detenido o del il\u00edcito, no trascendieron para no &#8220;afectar a la v\u00edctima&#8221;, ya que se trata de una persona del &#8220;entorno familiar&#8221;.<\/p>\n\n\n\n<p>&#8220;El Ministerio de Seguridad Nacional, a trav\u00e9s de la PFA, demarca su compromiso en la provincia de Corrientes, en dar una constante lucha contra el delito y manteniendo un monitoreo constante sobre aquellas personas con requerimientos judiciales vigentes&#8221;, agreg\u00f3 la Polic\u00eda.<\/p>\n","protected":false},"excerpt":{"rendered":"<p>El hombre fue hallado en el barrio Irup\u00e9 por la Polic\u00eda Federal Argentina. Un exintegrante de la Polic\u00eda de Corrientes estaba pr\u00f3fugo de la Justicia y finaliz\u00f3 detenido por una&hellip; <\/p>\n","protected":false},"author":3,"featured_media":196702,"comment_status":"closed","ping_status":"open","sticky":false,"template":"","format":"standard","meta":{"footnotes":""},"categories":[33],"tags":[],"class_list":["post-196684","post","type-post","status-publish","format-standard","has-post-thumbnail","hentry","category-policiales"],"_links":{"self":[{"href":"https:\/\/corrientesdetarde.com\/index.php\/wp-json\/wp\/v2\/posts\/196684","targetHints":{"allow":["GET"]}}],"collection":[{"href":"https:\/\/corrientesdetarde.com\/index.php\/wp-json\/wp\/v2\/posts"}],"about":[{"href":"https:\/\/corrientesdetarde.com\/index.php\/wp-json\/wp\/v2\/types\/post"}],"author":[{"embeddable":true,"href":"https:\/\/corrientesdetarde.com\/index.php\/wp-json\/wp\/v2\/users\/3"}],"replies":[{"embeddable":true,"href":"https:\/\/corrientesdetarde.com\/index.php\/wp-json\/wp\/v2\/comments?post=196684"}],"version-history":[{"count":1,"href":"https:\/\/corrientesdetarde.com\/index.php\/wp-json\/wp\/v2\/posts\/196684\/revisions"}],"predecessor-version":[{"id":196732,"href":"https:\/\/corrientesdetarde.com\/index.php\/wp-json\/wp\/v2\/posts\/196684\/revisions\/196732"}],"wp:featuredmedia":[{"embeddable":true,"href":"https:\/\/corrientesdetarde.com\/index.php\/wp-json\/wp\/v2\/media\/196702"}],"wp:attachment":[{"href":"https:\/\/corrientesdetarde.com\/index.php\/wp-json\/wp\/v2\/media?parent=196684"}],"wp:term":[{"taxonomy":"category","embeddable":true,"href":"https:\/\/corrientesdetarde.com\/index.php\/wp-json\/wp\/v2\/categories?post=196684"},{"taxonomy":"post_tag","embeddable":true,"href":"https:\/\/corrientesdetarde.com\/index.php\/wp-json\/wp\/v2\/tags?post=196684"}],"curies":[{"name":"wp","href":"https:\/\/api.w.org\/{rel}","templated":true}]}}