{"id":196972,"date":"2025-03-17T08:20:23","date_gmt":"2025-03-17T11:20:23","guid":{"rendered":"https:\/\/corrientesdetarde.com\/?p=196972"},"modified":"2025-03-17T08:20:24","modified_gmt":"2025-03-17T11:20:24","slug":"incautaron-mas-de-200-celulares-y-detuvieron-a-dos-personas","status":"publish","type":"post","link":"https:\/\/corrientesdetarde.com\/index.php\/policiales\/incautaron-mas-de-200-celulares-y-detuvieron-a-dos-personas\/","title":{"rendered":"incautaron m\u00e1s de 200 celulares y detuvieron a dos personas"},"content":{"rendered":"\n<p>La Polic\u00eda de Corrientes inform\u00f3 este domingo que secuestraron m\u00e1s de 200 celulares y detuvieron a tres personas tras dos allanamientos en la capital correntina.<\/p>\n\n\n\n<p>El primer&nbsp;procedimientos, lo efectuaron&nbsp;en un domicilio ubicado por calle Las Heras al 2.200, lugar donde hallaron&nbsp;208 celulares de distintas marcas y modelos, como as\u00ed tambi\u00e9n 12 tablets.&nbsp;<\/p>\n\n\n\n<p><br>Por el hecho, detuvieron a un hombre que no&nbsp;supo justificar la&nbsp;procedencia de lo encontrado.&nbsp;<\/p>\n\n\n\n<p>Posteriormente, en otro inmueble ubicado por calle Los Araucanos N\u00b0 3.800, se llev\u00f3 a cabo el segundo allanamiento, donde demoraron a otro mayor de 26 a\u00f1os de edad.<\/p>\n\n\n\n<p>Al respecto, las personas demoradas y los elementos secuestrados fueron puestos a disposici\u00f3n de la justicia y trasladados hasta la citada comisaria a fin de continuar con las diligencias del caso.<\/p>\n\n\n\n<figure class=\"wp-block-image size-large\"><img loading=\"lazy\" decoding=\"async\" width=\"1024\" height=\"576\" src=\"https:\/\/corrientesdetarde.com\/wp-content\/uploads\/2025\/03\/image-610-1024x576.png\" alt=\"\" class=\"wp-image-196978\" srcset=\"https:\/\/corrientesdetarde.com\/wp-content\/uploads\/2025\/03\/image-610-1024x576.png 1024w, https:\/\/corrientesdetarde.com\/wp-content\/uploads\/2025\/03\/image-610-300x169.png 300w, https:\/\/corrientesdetarde.com\/wp-content\/uploads\/2025\/03\/image-610-768x432.png 768w, https:\/\/corrientesdetarde.com\/wp-content\/uploads\/2025\/03\/image-610.png 1200w\" sizes=\"auto, (max-width: 1024px) 100vw, 1024px\" \/><\/figure>\n\n\n\n<p><br>\u00a0<\/p>\n","protected":false},"excerpt":{"rendered":"<p>La Polic\u00eda de Corrientes inform\u00f3 este domingo que secuestraron m\u00e1s de 200 celulares y detuvieron a tres personas tras dos allanamientos en la capital correntina. El primer&nbsp;procedimientos, lo efectuaron&nbsp;en un&hellip; <\/p>\n","protected":false},"author":1,"featured_media":196977,"comment_status":"closed","ping_status":"open","sticky":false,"template":"","format":"standard","meta":{"footnotes":""},"categories":[33],"tags":[],"class_list":["post-196972","post","type-post","status-publish","format-standard","has-post-thumbnail","hentry","category-policiales"],"_links":{"self":[{"href":"https:\/\/corrientesdetarde.com\/index.php\/wp-json\/wp\/v2\/posts\/196972","targetHints":{"allow":["GET"]}}],"collection":[{"href":"https:\/\/corrientesdetarde.com\/index.php\/wp-json\/wp\/v2\/posts"}],"about":[{"href":"https:\/\/corrientesdetarde.com\/index.php\/wp-json\/wp\/v2\/types\/post"}],"author":[{"embeddable":true,"href":"https:\/\/corrientesdetarde.com\/index.php\/wp-json\/wp\/v2\/users\/1"}],"replies":[{"embeddable":true,"href":"https:\/\/corrientesdetarde.com\/index.php\/wp-json\/wp\/v2\/comments?post=196972"}],"version-history":[{"count":1,"href":"https:\/\/corrientesdetarde.com\/index.php\/wp-json\/wp\/v2\/posts\/196972\/revisions"}],"predecessor-version":[{"id":196979,"href":"https:\/\/corrientesdetarde.com\/index.php\/wp-json\/wp\/v2\/posts\/196972\/revisions\/196979"}],"wp:featuredmedia":[{"embeddable":true,"href":"https:\/\/corrientesdetarde.com\/index.php\/wp-json\/wp\/v2\/media\/196977"}],"wp:attachment":[{"href":"https:\/\/corrientesdetarde.com\/index.php\/wp-json\/wp\/v2\/media?parent=196972"}],"wp:term":[{"taxonomy":"category","embeddable":true,"href":"https:\/\/corrientesdetarde.com\/index.php\/wp-json\/wp\/v2\/categories?post=196972"},{"taxonomy":"post_tag","embeddable":true,"href":"https:\/\/corrientesdetarde.com\/index.php\/wp-json\/wp\/v2\/tags?post=196972"}],"curies":[{"name":"wp","href":"https:\/\/api.w.org\/{rel}","templated":true}]}}