{"id":196981,"date":"2025-03-17T08:34:08","date_gmt":"2025-03-17T11:34:08","guid":{"rendered":"https:\/\/corrientesdetarde.com\/?p=196981"},"modified":"2025-03-17T08:34:11","modified_gmt":"2025-03-17T11:34:11","slug":"el-vaticano-difunde-la-primera-foto-del-papa-tras-mas-de-un-mes-de-internacion","status":"publish","type":"post","link":"https:\/\/corrientesdetarde.com\/index.php\/sociales\/el-vaticano-difunde-la-primera-foto-del-papa-tras-mas-de-un-mes-de-internacion\/","title":{"rendered":"El Vaticano difunde la primera foto del papa tras m\u00e1s de un mes de internaci\u00f3n"},"content":{"rendered":"\n<p>El Vaticano difundi\u00f3 este domingo la primera fotograf\u00eda del papa Francisco desde que fuera internado hace 31 d\u00edas y tras permanecer varias jornadas en estado muy cr\u00edtico, y si bien permanece internado en el policl\u00ednico Gemelli de Roma se lo pudo observar durante una misa en la capilla de ese centro asistencial.<\/p>\n\n\n\n<p>La foto, publicada en el perfil oficial de X de la Santa Sede, muestra a Francisco esta ma\u00f1ana concelebrando una misa en una sala de oraci\u00f3n. El pont\u00edfice est\u00e1 de espaldas con una estola de color morado y se puede observar de semiperfil su rostro.<\/p>\n\n\n<div class=\"wp-block-image\">\n<figure class=\"aligncenter size-full\"><img loading=\"lazy\" decoding=\"async\" width=\"480\" height=\"360\" src=\"https:\/\/corrientesdetarde.com\/wp-content\/uploads\/2025\/03\/image-618.png\" alt=\"\" class=\"wp-image-196996\" srcset=\"https:\/\/corrientesdetarde.com\/wp-content\/uploads\/2025\/03\/image-618.png 480w, https:\/\/corrientesdetarde.com\/wp-content\/uploads\/2025\/03\/image-618-300x225.png 300w\" sizes=\"auto, (max-width: 480px) 100vw, 480px\" \/><\/figure>\n<\/div>\n\n\n<p>El comunicado del Vaticano que acompa\u00f1a la fotograf\u00eda se\u00f1ala: &#8220;Esta ma\u00f1ana, el papa Francisco ha concelebrado la santa misa en la capilla del apartamento de la d\u00e9cima planta del policl\u00ednico Gemelli&#8221;.<\/p>\n\n\n\n<p>Internado desde el 14 de febrero \u00faltimo, Francisco envi\u00f3 esta ma\u00f1ana un mensaje para la oraci\u00f3n mariana del Angelus. Sumado a ello, afirm\u00f3 que se encuentra &#8220;atravesando un momento de prueba&#8221; y volvi\u00f3 a agradecer a los fieles que rezan por su recuperaci\u00f3n.<\/p>\n\n\n\n<p>El papa, de 88 a\u00f1os de edad, fue hospitalizado por una neumon\u00eda bilateral, asegur\u00f3: &#8220;Nuestro f\u00edsico est\u00e1 d\u00e9bil, pero, incluso as\u00ed, nada puede impedirnos amar, rezar, entregarnos, estar los unos para los otros, en la fe, se\u00f1ales luminosas de esperanza&#8221;.<\/p>\n","protected":false},"excerpt":{"rendered":"<p>El Vaticano difundi\u00f3 este domingo la primera fotograf\u00eda del papa Francisco desde que fuera internado hace 31 d\u00edas y tras permanecer varias jornadas en estado muy cr\u00edtico, y si bien&hellip; <\/p>\n","protected":false},"author":1,"featured_media":194478,"comment_status":"closed","ping_status":"open","sticky":false,"template":"","format":"standard","meta":{"footnotes":""},"categories":[17],"tags":[],"class_list":["post-196981","post","type-post","status-publish","format-standard","has-post-thumbnail","hentry","category-sociales"],"_links":{"self":[{"href":"https:\/\/corrientesdetarde.com\/index.php\/wp-json\/wp\/v2\/posts\/196981","targetHints":{"allow":["GET"]}}],"collection":[{"href":"https:\/\/corrientesdetarde.com\/index.php\/wp-json\/wp\/v2\/posts"}],"about":[{"href":"https:\/\/corrientesdetarde.com\/index.php\/wp-json\/wp\/v2\/types\/post"}],"author":[{"embeddable":true,"href":"https:\/\/corrientesdetarde.com\/index.php\/wp-json\/wp\/v2\/users\/1"}],"replies":[{"embeddable":true,"href":"https:\/\/corrientesdetarde.com\/index.php\/wp-json\/wp\/v2\/comments?post=196981"}],"version-history":[{"count":1,"href":"https:\/\/corrientesdetarde.com\/index.php\/wp-json\/wp\/v2\/posts\/196981\/revisions"}],"predecessor-version":[{"id":196997,"href":"https:\/\/corrientesdetarde.com\/index.php\/wp-json\/wp\/v2\/posts\/196981\/revisions\/196997"}],"wp:featuredmedia":[{"embeddable":true,"href":"https:\/\/corrientesdetarde.com\/index.php\/wp-json\/wp\/v2\/media\/194478"}],"wp:attachment":[{"href":"https:\/\/corrientesdetarde.com\/index.php\/wp-json\/wp\/v2\/media?parent=196981"}],"wp:term":[{"taxonomy":"category","embeddable":true,"href":"https:\/\/corrientesdetarde.com\/index.php\/wp-json\/wp\/v2\/categories?post=196981"},{"taxonomy":"post_tag","embeddable":true,"href":"https:\/\/corrientesdetarde.com\/index.php\/wp-json\/wp\/v2\/tags?post=196981"}],"curies":[{"name":"wp","href":"https:\/\/api.w.org\/{rel}","templated":true}]}}