{"id":196982,"date":"2025-03-17T08:30:49","date_gmt":"2025-03-17T11:30:49","guid":{"rendered":"https:\/\/corrientesdetarde.com\/?p=196982"},"modified":"2025-03-17T08:30:53","modified_gmt":"2025-03-17T11:30:53","slug":"la-provincia-trabaja-en-la-prevencion-del-cancer-de-pulmon","status":"publish","type":"post","link":"https:\/\/corrientesdetarde.com\/index.php\/bienestar-y-salud\/la-provincia-trabaja-en-la-prevencion-del-cancer-de-pulmon\/","title":{"rendered":"La Provincia trabaja en la prevenci\u00f3n del C\u00e1ncer de Pulm\u00f3n"},"content":{"rendered":"\n<p>A trav\u00e9s de una red de profesionales de la salud, se busca detectar casos para el tratamiento oportuno. Este equipo, sugiere hacer estudios a personas fumadoras y a quienes dejaron de hacerlo hace menos de 15 a\u00f1os. Al inicio, esta enfermedad no da s\u00edntomas.<\/p>\n\n\n\n<p><\/p>\n\n\n\n<p>El Ministerio de Salud P\u00fablica, a cargo de Ricardo Cardozo, cuenta con Redes de Especialidades impulsadas por el gobernador Gustavo Vald\u00e9s. Es una pol\u00edtica central de la cartera sanitaria que tiene por finalidad la b\u00fasqueda activa del paciente en riesgo, ordenar y optimizar los recursos humanos, de infraestructura, y los procesos de atenci\u00f3n. &nbsp;Pone el centro de atenci\u00f3n en el paciente, atendiendo a necesidades espec\u00edficas.<\/p>\n\n\n\n<p>La provincia, dispone de las siguientes Redes: Derivaciones, Perinatal, C\u00e1ncer de Colon, Hipertensi\u00f3n y Diabetes, C\u00e1ncer de Mama, C\u00e1ncer de Cuello Uterino, Estomatolog\u00eda, Maxilofacial, Nutrici\u00f3n, Traumatolog\u00eda, Cirug\u00eda General y T\u00f3rax, Terapia Intensiva, Infarto Agudo de Miocardio, Accidente Cerebro Vascular, Servicios de Emergencias, C\u00e1ncer de Pulm\u00f3n y Fonoudiolog\u00eda.&nbsp;<\/p>\n\n\n\n<p>Las mismas, est\u00e1n coordinadas por profesionales id\u00f3neos y experimentados en cada especialidad. La coordinaci\u00f3n general est\u00e1 a cargo de la subsecretaria de Atenci\u00f3n Primaria de la Salud, Alicia Pereira.<\/p>\n\n\n\n<p>La Red de C\u00e1ncer de Pulm\u00f3n es una red que funciona a trav\u00e9s del trabajo en equipo por profesionales de la salud respiratoria. En capital e interior, se cuenta con m\u00e9dicos neumon\u00f3logos y cl\u00ednicos. La misma, se crea ante la posibilidad de buscar a aquellas personas que tengan una alta probabilidad de desarrollar un C\u00e1ncer de Pulm\u00f3n.&nbsp;<br>\u201cTenemos neumon\u00f3logos trabajan en los tres principales hospitales de capital y tambi\u00e9n en ciudades del interior como Bella Vista, Curuz\u00fa Cuati\u00e1, Goya, en Esquina en el servicio de cl\u00ednica m\u00e9dica, Santo Tom\u00e9 e Ituzaing\u00f3. Hacen las consultas y ven quienes son los que deben hacerse el chequeo para diagn\u00f3stico temprano de la enfermedad. Los pacientes que pueden ser incluidos en la Red son tanto hombres como mujeres, entre 55 y 74 a\u00f1os, que sean fumadores o dejaron de fumar hace menos de 15 a\u00f1os\u201d, dijo la coordinadora de la Red,&nbsp;Luc\u00eda Cuper<strong>.<\/strong><br>Este grupo espec\u00edfico, debe realizar una consulta con un neumon\u00f3logo quien \u201cle har\u00e1 unas preguntas y explicar\u00e1 que debe realizarse una tomograf\u00eda de t\u00f3rax para que ver s\u00ed su pulm\u00f3n est\u00e1 bien\u201d. Este estudio, es recomendable hacerse una vez por a\u00f1o para identificar este c\u00e1ncer.&nbsp;<br>\u201cCuando empieza, es como una manchita peque\u00f1a en el pulm\u00f3n que no da ning\u00fan s\u00edntoma. Entonces, se puede identificar a esa persona con la tomograf\u00eda y, si tiene el n\u00f3dulo, puede ser tratado y curado sin complicaciones\u201d, precis\u00f3.&nbsp;<br>A la vez, agreg\u00f3 que \u201ces una enfermedad con alta letalidad, la mayor\u00eda que se diagnostica con C\u00e1ncer de Pulm\u00f3n no llegan a curarse ya que, el diagn\u00f3stico en general, se hace cuando el tumor es muy grande y cuando ya aparecen s\u00edntomas: dolor, falta de aire, tos con sangre o met\u00e1stasis que puede manifestarse con s\u00edntomas neurol\u00f3gicos, dificultad para hablar o caminar, dolores en los huesos, costilla o cadera\u201d.&nbsp;<br>\u201cEs la principal causa de muerte en nuestra provincia, regi\u00f3n y pa\u00eds, es prevenible. La tomograf\u00eda dura 10 minutos y con la misma se puede identificar un n\u00f3dulo chico que, tratado y operado, el paciente se puede curar\u201d, resalt\u00f3.&nbsp;<br>Al mismo tiempo, se\u00f1al\u00f3 que \u201cel 80 por ciento que tiene C\u00e1ncer de Pulm\u00f3n son pacientes que fuman, porque el principal factor de riesgo para desarrollar la enfermedad es esto; por ello, buscamos pacientes fumadores o que lo fueron\u201d.&nbsp;<\/p>\n\n\n\n<p>La Red, es coordinada por la doctora Cuper que es cirujana tor\u00e1cica y se desempe\u00f1a en el Hospital Escuela. En este centro de salud, hay un Servicio de Cirug\u00eda Tor\u00e1cica donde se resuelve la demanda de enfermedades pulmonares, pleurales, mediatisnales y todo lo que concierne a enfermedades de t\u00f3rax.\u00a0<br>\u201cTodos los pacientes que entran a la Red son registrados con sus datos para acompa\u00f1amiento y asesoramiento. Hay neumon\u00f3logos en todas las regiones y, con ellos, tenemos reuniones frecuentes. Tenemos equipos de tomograf\u00eda para hacer los estudios necesarios\u201d, finaliz\u00f3 Cuper.\u00a0<br>Cabe indicar que, el equipo cuenta tambi\u00e9n con las doctoras Mariana Rehwald y Erica Vallejos.<\/p>\n\n\n\n<figure class=\"wp-block-image size-large\"><img loading=\"lazy\" decoding=\"async\" width=\"1024\" height=\"601\" src=\"https:\/\/corrientesdetarde.com\/wp-content\/uploads\/2025\/03\/image-616-1024x601.png\" alt=\"\" class=\"wp-image-196990\" srcset=\"https:\/\/corrientesdetarde.com\/wp-content\/uploads\/2025\/03\/image-616-1024x601.png 1024w, https:\/\/corrientesdetarde.com\/wp-content\/uploads\/2025\/03\/image-616-300x176.png 300w, https:\/\/corrientesdetarde.com\/wp-content\/uploads\/2025\/03\/image-616-768x450.png 768w, https:\/\/corrientesdetarde.com\/wp-content\/uploads\/2025\/03\/image-616.png 1519w\" sizes=\"auto, (max-width: 1024px) 100vw, 1024px\" \/><\/figure>\n","protected":false},"excerpt":{"rendered":"<p>A trav\u00e9s de una red de profesionales de la salud, se busca detectar casos para el tratamiento oportuno. Este equipo, sugiere hacer estudios a personas fumadoras y a quienes dejaron&hellip; <\/p>\n","protected":false},"author":1,"featured_media":196988,"comment_status":"closed","ping_status":"open","sticky":false,"template":"","format":"standard","meta":{"footnotes":""},"categories":[16],"tags":[],"class_list":["post-196982","post","type-post","status-publish","format-standard","has-post-thumbnail","hentry","category-bienestar-y-salud"],"_links":{"self":[{"href":"https:\/\/corrientesdetarde.com\/index.php\/wp-json\/wp\/v2\/posts\/196982","targetHints":{"allow":["GET"]}}],"collection":[{"href":"https:\/\/corrientesdetarde.com\/index.php\/wp-json\/wp\/v2\/posts"}],"about":[{"href":"https:\/\/corrientesdetarde.com\/index.php\/wp-json\/wp\/v2\/types\/post"}],"author":[{"embeddable":true,"href":"https:\/\/corrientesdetarde.com\/index.php\/wp-json\/wp\/v2\/users\/1"}],"replies":[{"embeddable":true,"href":"https:\/\/corrientesdetarde.com\/index.php\/wp-json\/wp\/v2\/comments?post=196982"}],"version-history":[{"count":1,"href":"https:\/\/corrientesdetarde.com\/index.php\/wp-json\/wp\/v2\/posts\/196982\/revisions"}],"predecessor-version":[{"id":196991,"href":"https:\/\/corrientesdetarde.com\/index.php\/wp-json\/wp\/v2\/posts\/196982\/revisions\/196991"}],"wp:featuredmedia":[{"embeddable":true,"href":"https:\/\/corrientesdetarde.com\/index.php\/wp-json\/wp\/v2\/media\/196988"}],"wp:attachment":[{"href":"https:\/\/corrientesdetarde.com\/index.php\/wp-json\/wp\/v2\/media?parent=196982"}],"wp:term":[{"taxonomy":"category","embeddable":true,"href":"https:\/\/corrientesdetarde.com\/index.php\/wp-json\/wp\/v2\/categories?post=196982"},{"taxonomy":"post_tag","embeddable":true,"href":"https:\/\/corrientesdetarde.com\/index.php\/wp-json\/wp\/v2\/tags?post=196982"}],"curies":[{"name":"wp","href":"https:\/\/api.w.org\/{rel}","templated":true}]}}