{"id":196983,"date":"2025-03-17T08:26:02","date_gmt":"2025-03-17T11:26:02","guid":{"rendered":"https:\/\/corrientesdetarde.com\/?p=196983"},"modified":"2025-03-17T08:26:26","modified_gmt":"2025-03-17T11:26:26","slug":"al-presidir-el-aniversario-de-beron-de-astrada-valdes-defendio-el-federalismo-corrientes-sigue-luchando-por-su-autonomia","status":"publish","type":"post","link":"https:\/\/corrientesdetarde.com\/index.php\/informacion-general\/al-presidir-el-aniversario-de-beron-de-astrada-valdes-defendio-el-federalismo-corrientes-sigue-luchando-por-su-autonomia\/","title":{"rendered":"Al presidir el aniversario de Ber\u00f3n de Astrada, Vald\u00e9s defendi\u00f3 el federalismo: &#8220;Corrientes sigue luchando por su autonom\u00eda&#8221;"},"content":{"rendered":"\n<p>El gobernador Gustavo Vald\u00e9s presidi\u00f3 este domingo el acto oficial por el 261\u00b0 aniversario de la fundaci\u00f3n de la localidad de Ber\u00f3n de Astrada. All\u00ed, el mandatario pidi\u00f3 &#8220;honrar la historia&#8221;, destacando que este poblado existe previo a la Revoluci\u00f3n de Mayo. &#8220;Corrientes es una provincia fundadora de la Naci\u00f3n y sigue luchando por su autonom\u00eda&#8221;, sostuvo en la ocasi\u00f3n y reivinic\u00f3 a Genaro Ber\u00f3n de Astrada, &#8220;\u00fanico gobernador de Corrientes, muerto en batalla&#8221;, al rememorar el enfrentamiento en Pago Largo entre unitarios y federales. Tambi\u00e9n resalt\u00f3 el crecimiento que tuvo en infraestructura la localidad en los \u00faltimos siete a\u00f1os.<\/p>\n\n\n\n<p><\/p>\n\n\n\n<p><\/p>\n\n\n\n<p>El acto se desarroll\u00f3 frente a la plaza central donde rindieron honor a Pedro Bernardo S\u00e1nchez que fund\u00f3 este lugar como &#8220;San Antonio de Itat\u00ed&#8221;, el cu\u00e1l fue luego renombrada como Ber\u00f3n de Astrada, hist\u00f3rico gobernador de Corrientes que muri\u00f3 en la batalla de Pago Largo en el a\u00f1o 1839.<\/p>\n\n\n\n<p>All\u00ed, para la conmemoraci\u00f3n del aniversario fundacional, se realiz\u00f3 un desfile c\u00edvico militar, tras el acto oficial que tuvo los discursos de la intendente local Graciela Gonz\u00e1lez y del gobernador Vald\u00e9s, &nbsp;ante un nutrido p\u00fablico integrado por vecinos, docentes y alumnos.<\/p>\n\n\n\n<p>Junto al Gobernador, estuvieron en el palco oficial del acto: el intendente de ituzaing\u00f3, Juan Pablo Vald\u00e9s y el intendente de Capital, Eduardo Tassano, junto a otros jefes comunales de localidades vecinas. Tambi\u00e9n acompa\u00f1aron all\u00ed, los ministros de Seguridad, Alfredo Vallejos; de Desarrollo Social, Ad\u00e1n Gaya; y de Turismo, Alejandra Eliciri; el Jefe de la Polic\u00eda de Corrientes, Comisario general Miguel Leguizam\u00f3n; como as\u00ed tambi\u00e9n otros funcionarios y legisladores provinciales y municipales.<\/p>\n\n\n\n<p><strong>Palabras del Gobernador Vald\u00e9s<\/strong><\/p>\n\n\n\n<p>\u201cCada vez que vengo a esta querida comunidad de Ber\u00f3n de Astrada, me impresiona lo bien que est\u00e1, una ciudad limpia, ordenada, en la que se nota el amor que le ponen al pueblo donde viven\u201d, manifest\u00f3 en primer lugar el gobernador Gustavo Vald\u00e9s, tras lo cual, destac\u00f3 que junto a la comuna local en estos \u00faltimos siete a\u00f1os \u201chemos avanzado much\u00edsimo en obras tales como calles, Banco, escuela, hospital, asfalto y energ\u00eda el\u00e9ctrica, entre otras\u201d.<\/p>\n\n\n\n<p>Continuando, el mandatario dej\u00f3 en claro que \u201csomos una provincia que fund\u00f3 a la Naci\u00f3n y Ber\u00f3n de Astrada es una tierra que as\u00ed lo demuestra, por su historia y tradiciones\u201d, acotando que la misma \u201carranc\u00f3 con criollos y abor\u00edgenes, encomendados a una tierra de paz a construir el futuro y es palpable el compromiso de un pueblo que quiere salir adelante\u201d.<\/p>\n\n\n\n<p>Seguidamente, Vald\u00e9s coment\u00f3 que a esta localidad le pusieron el \u201cnombre del \u00fanico gobernador de la provincia muerto en combate, luchando por nuestra libertad: Genaro Ber\u00f3n de Astrada\u201d, se\u00f1alando que fue protagonista de una batalla \u00e9pica contra el centralismo porte\u00f1o: la de Pago Largo, entre unitarios y federales.<\/p>\n\n\n\n<p>\u201cSu legado nos lleva a seguir luchando por la libertad, el federalismo y la autonom\u00eda de los correntinos\u201d, expres\u00f3 con tono firme Vald\u00e9s.<\/p>\n\n\n\n<p>Asimismo, se dio tiempo para reivindicar a un brillante militar cordob\u00e9s, el general Jos\u00e9 Mar\u00eda Paz, que fue clave para la victoria en otra batalla memorable, la de Ca\u00e1 Guaz\u00fa.<\/p>\n\n\n\n<p>Al proseguir con sus palabras, Vald\u00e9s enfatiz\u00f3 que Ber\u00f3n de Astrada y toda la zona de influencia tienen enfrente una oportunidad econ\u00f3mica \u00fanica para progresar. \u201cSurgimos ac\u00e1 como agricultores y ganaderos. En esta zona tenemos la mejor ganader\u00eda del mundo, con la mejor gen\u00e9tica. Tambi\u00e9n con nuestros b\u00fafalos. Las mejores tierras para plantar arroz est\u00e1n ac\u00e1\u201d, subray\u00f3.<\/p>\n\n\n\n<p>Y remarc\u00f3 que \u201cCorrientes planta m\u00e1s arroz que Espa\u00f1a, y el 40% de la producci\u00f3n arrocera est\u00e1 en este lugar\u201d, resaltando que \u201ctuvimos cosecha r\u00e9cord con 120 mil hect\u00e1reas y en poco tiempo m\u00e1s Corrientes va a plantar cerca de 200 mil hect\u00e1reas, con lo cual el futuro es enorme\u201d.<\/p>\n\n\n\n<p>Mientras que, en el terreno de la educaci\u00f3n p\u00fablica, el titular del ejecutivo provincial dijo que es fundamental \u201cseguir preparando a nuestros ni\u00f1os y j\u00f3venes con el enorme trabajo que hacen los docentes correntinos, tambi\u00e9n con una secundaria de calidad y abriendo el camino al nivel terciario con tecnicaturas\u201d.<\/p>\n\n\n\n<p>Tras se\u00f1alar que \u201cestamos por el camino correcto\u201d, Vald\u00e9s ratific\u00f3 el compromiso de seguir invirtiendo en obras para la localidad, \u201chonrando su historia\u201d, teniendo en cuenta que, como pueblo hist\u00f3rico, es una \u201cjoya en el coraz\u00f3n de los correntinos y un ejemplo a seguir\u201d.<\/p>\n\n\n\n<p><strong>Intendente<\/strong><\/p>\n\n\n\n<p>Por su parte, la intendenta Graciela Gonz\u00e1lez; expres\u00f3 su alegr\u00eda por \u201clos 261 a\u00f1os de San Antonio de Itat\u00ed, que no s\u00f3lo nos invita a remontar a nuestras ra\u00edces sino a proyectar nuestro futuro con esfuerzo y compromiso\u201d.<\/p>\n\n\n\n<p>\u201cSan Antonio de Itat\u00ed, no s\u00f3lo es un lugar en el mapa, es el coraz\u00f3n de los que habitamos esta tierra\u201d, relat\u00f3 la jefa Comunal y a\u00f1adi\u00f3 que \u201chemos crecido en estos a\u00f1os, superando desaf\u00edos, conservando tradiciones, y trabajando por el bien de todos\u201d.<\/p>\n\n\n\n<p>En la ocasi\u00f3n, la Intendenta brind\u00f3 un breve pero sentido homenajes a los antepasados que \u201cenorgullecen nuestro pasado\u201d, y asegur\u00f3, a la vez, que \u201cnuestro compromiso es asegurar nuestro futuro, luchando con cada vecino, fomentando la educaci\u00f3n, la salud, y el trabajo\u201d.<\/p>\n\n\n\n<p>\u201cCreemos que el progreso es posible si avanzamos juntos, con unidad y solidaridad\u201d, sostuvo Gonz\u00e1lez y llam\u00f3 a \u201cseguir trabajando juntos, para que las futuras generaciones encuentren un lugar mejor, donde crecer y desarrollarse\u201d.<\/p>\n\n\n\n<p>Por \u00faltimo, dijo \u201cque este aniversario sea una oportunidad para renovar nuestros lazos, y mirar el futuro con esperanza y determinaci\u00f3n\u201d; y a la vez agradeci\u00f3 la participaci\u00f3n del Gobernador Vald\u00e9s en el acto, y de sus Ministros.<\/p>\n\n\n\n<p><strong>Cr\u00f3nica del acto<\/strong><\/p>\n\n\n\n<p>Al comenzar el acto, el jefe de Tropas, comisario Alexis Esquivel, present\u00f3 a la formaci\u00f3n especial 16 de marzo al Gobernador Vald\u00e9s, y a la Intendente, Graciela Gonzales, y al jefe de la Polic\u00eda, Miguel Leguizam\u00f3n.<\/p>\n\n\n\n<p>Seguidamente, el Gobernador salud\u00f3 a la formaci\u00f3n, y luego hizo lo propio la Intendente.<\/p>\n\n\n\n<p>Consecutivamente, ingres\u00f3 la imagen de San Antonio de Itat\u00ed.<\/p>\n\n\n\n<p>Asimismo, se enton\u00f3 el Himno Nacional ejecutado por la Banda de M\u00fasica la Polic\u00eda de Corrientes.<\/p>\n\n\n\n<p>Despu\u00e9s, las autoridades presentes depositaron sus ofrendas florales al pie del busto del reverendo Padre Pedro Bernardo S\u00e1nchez. Por la Provincia, lo hizo el Gobernador acompa\u00f1ado de los ministros del Ejecutivo; y por la Municipalidad lo hizo la jefa Comunal junto al viceintendente, Hugo Cerd\u00e1n.<\/p>\n\n\n\n<p>La invocaci\u00f3n religiosa estuvo a cargo del Padre Antonio Cardozo.<\/p>\n\n\n\n<p>Luego de los discursos de la Jefa comunal y del Gobernador, el Jefe de Tropa solicit\u00f3 al mismo, autorizaci\u00f3n para el inicio del desfile c\u00edvico militar. Hicieron su paso alumnos y docentes de instituciones educativas del lugar, integrantes del Centro de Ex Combatientes en Malvinas de Corrientes, efectivos de fuerzas militares y de seguridad con asiento en Corrientes, como as\u00ed tambi\u00e9n con fuerzas provinciales, bomberos voluntarios del lugar, municipales y ambulancias del Hospital local \u201cJ. R. Vidal\u201d, mientras que el cierre estuvo a cargo de agrupaciones gauchas.<\/p>\n\n\n\n<figure class=\"wp-block-image size-large\"><img loading=\"lazy\" decoding=\"async\" width=\"1024\" height=\"670\" src=\"https:\/\/corrientesdetarde.com\/wp-content\/uploads\/2025\/03\/image-613-1024x670.png\" alt=\"\" class=\"wp-image-196986\" srcset=\"https:\/\/corrientesdetarde.com\/wp-content\/uploads\/2025\/03\/image-613-1024x670.png 1024w, https:\/\/corrientesdetarde.com\/wp-content\/uploads\/2025\/03\/image-613-300x196.png 300w, https:\/\/corrientesdetarde.com\/wp-content\/uploads\/2025\/03\/image-613-768x503.png 768w, https:\/\/corrientesdetarde.com\/wp-content\/uploads\/2025\/03\/image-613.png 1273w\" sizes=\"auto, (max-width: 1024px) 100vw, 1024px\" \/><\/figure>\n\n\n\n<figure class=\"wp-block-image size-large\"><img loading=\"lazy\" decoding=\"async\" width=\"1024\" height=\"652\" src=\"https:\/\/corrientesdetarde.com\/wp-content\/uploads\/2025\/03\/image-611-1024x652.png\" alt=\"\" class=\"wp-image-196984\" srcset=\"https:\/\/corrientesdetarde.com\/wp-content\/uploads\/2025\/03\/image-611-1024x652.png 1024w, https:\/\/corrientesdetarde.com\/wp-content\/uploads\/2025\/03\/image-611-300x191.png 300w, https:\/\/corrientesdetarde.com\/wp-content\/uploads\/2025\/03\/image-611-768x489.png 768w, https:\/\/corrientesdetarde.com\/wp-content\/uploads\/2025\/03\/image-611.png 1395w\" sizes=\"auto, (max-width: 1024px) 100vw, 1024px\" \/><\/figure>\n\n\n\n<p><\/p>\n","protected":false},"excerpt":{"rendered":"<p>El gobernador Gustavo Vald\u00e9s presidi\u00f3 este domingo el acto oficial por el 261\u00b0 aniversario de la fundaci\u00f3n de la localidad de Ber\u00f3n de Astrada. All\u00ed, el mandatario pidi\u00f3 &#8220;honrar la&hellip; <\/p>\n","protected":false},"author":1,"featured_media":196985,"comment_status":"closed","ping_status":"open","sticky":false,"template":"","format":"standard","meta":{"footnotes":""},"categories":[22,1],"tags":[],"class_list":["post-196983","post","type-post","status-publish","format-standard","has-post-thumbnail","hentry","category-eventos","category-informacion-general"],"_links":{"self":[{"href":"https:\/\/corrientesdetarde.com\/index.php\/wp-json\/wp\/v2\/posts\/196983","targetHints":{"allow":["GET"]}}],"collection":[{"href":"https:\/\/corrientesdetarde.com\/index.php\/wp-json\/wp\/v2\/posts"}],"about":[{"href":"https:\/\/corrientesdetarde.com\/index.php\/wp-json\/wp\/v2\/types\/post"}],"author":[{"embeddable":true,"href":"https:\/\/corrientesdetarde.com\/index.php\/wp-json\/wp\/v2\/users\/1"}],"replies":[{"embeddable":true,"href":"https:\/\/corrientesdetarde.com\/index.php\/wp-json\/wp\/v2\/comments?post=196983"}],"version-history":[{"count":1,"href":"https:\/\/corrientesdetarde.com\/index.php\/wp-json\/wp\/v2\/posts\/196983\/revisions"}],"predecessor-version":[{"id":196987,"href":"https:\/\/corrientesdetarde.com\/index.php\/wp-json\/wp\/v2\/posts\/196983\/revisions\/196987"}],"wp:featuredmedia":[{"embeddable":true,"href":"https:\/\/corrientesdetarde.com\/index.php\/wp-json\/wp\/v2\/media\/196985"}],"wp:attachment":[{"href":"https:\/\/corrientesdetarde.com\/index.php\/wp-json\/wp\/v2\/media?parent=196983"}],"wp:term":[{"taxonomy":"category","embeddable":true,"href":"https:\/\/corrientesdetarde.com\/index.php\/wp-json\/wp\/v2\/categories?post=196983"},{"taxonomy":"post_tag","embeddable":true,"href":"https:\/\/corrientesdetarde.com\/index.php\/wp-json\/wp\/v2\/tags?post=196983"}],"curies":[{"name":"wp","href":"https:\/\/api.w.org\/{rel}","templated":true}]}}