{"id":197092,"date":"2025-03-17T15:30:59","date_gmt":"2025-03-17T18:30:59","guid":{"rendered":"https:\/\/corrientesdetarde.com\/?p=197092"},"modified":"2025-03-17T15:31:04","modified_gmt":"2025-03-17T18:31:04","slug":"paulo-dybala-se-lesiono-y-quedo-fuera-de-la-convocatoria-de-la-seleccion-argentina","status":"publish","type":"post","link":"https:\/\/corrientesdetarde.com\/index.php\/deportes\/paulo-dybala-se-lesiono-y-quedo-fuera-de-la-convocatoria-de-la-seleccion-argentina\/","title":{"rendered":"Paulo Dybala se lesion\u00f3 y qued\u00f3 fuera de la convocatoria de la Selecci\u00f3n argentina"},"content":{"rendered":"\n<p>El delantero argentino tendr\u00e1 para un mes de recuperaci\u00f3n y qued\u00f3 marginado de los partidos ante Uruguay y Brasil. Qui\u00e9nes son los otros que no formar\u00e1n parte de la convocatoria.<\/p>\n\n\n\n<p><strong>Paulo Dybala<\/strong>\u00a0fue desafectado de la convocatoria de la<strong>\u00a0Selecci\u00f3n argentina para la fecha de Eliminatorias<\/strong>\u00a0despu\u00e9s de sufrir una<strong>\u00a0lesi\u00f3n en el partido entre la Roma y el Cagliari.<\/strong><\/p>\n\n\n\n<p>El futbolista de la Roma&nbsp;<strong>tir\u00f3 un taco y sinti\u00f3 un fuerte dolor en su pierna<\/strong>. Inmediatamente se tir\u00f3 al piso y llev\u00f3 sus manos a la cara en un claro gesto de resignaci\u00f3n.Los estudios demostraron que&nbsp;<strong>sufri\u00f3 un desgarro en su cuadriceps izquierdo<\/strong>&nbsp;y estar\u00e1 al menos un mes fuera de las canchas.<\/p>\n\n\n\n<p>Es una mala noticia para el cordob\u00e9s que estaba teniendo una gran temporada en su equipo y que era uno de los convocados por Lionel Scaloni para los pr\u00f3ximos partidos ante Uruguay y Brasil.<\/p>\n\n\n\n<figure class=\"wp-block-image\"><img decoding=\"async\" src=\"https:\/\/tn.com.ar\/resizer\/v2\/el-futbolista-argentino-tiro-un-taco-y-sintio-un-fuerte-dolor-en-su-pierna-inmediatamente-se-tiro-al-piso-y-llevo-sus-manos-a-la-cara-en-un-claro-gesto-de-resignacion-captura-espn-SDUUXTP4ZNFKVCOLZAJITMLF3U.jpg?auth=8c723e95eee276e2b94bc0821e364a210c3e179a7b6533392124bd9f05018b07&amp;width=767\" alt=\"El futbolista argentino tir\u00f3 un taco y sinti\u00f3 un fuerte dolor en su pierna. Inmediatamente se tir\u00f3 al piso y llev\u00f3 sus manos a la cara en un claro gesto de resignaci\u00f3n. (Captura ESPN)\"\/><\/figure>\n\n\n\n<p>En tanto, otros futbolistas tambi\u00e9n fueron descartados para sumarse al seleccionado nacional.&nbsp;<strong>Gio Lo Celso<\/strong>&nbsp;continuar\u00e1 con su recuperaci\u00f3n de la lesi\u00f3n de grado medio en el s\u00f3leo de su pierna derecha y&nbsp;<strong>Gonzalo Montiel no estar\u00e1 por su desgarro en el gemelo izquierdo.<\/strong><\/p>\n\n\n\n<p>Adem\u00e1s, Alejandro Garnacho, Francisco Ortega y el Diablito Echeverri no pasaron el corte por lo que no viajar\u00e1n para sumarse al equipo.<\/p>\n\n\n\n<figure class=\"wp-block-image\"><img decoding=\"async\" src=\"https:\/\/tn.com.ar\/resizer\/v2\/gonzalo-montiel-y-giovani-lo-celso-tampoco-estaran-en-los-partidos-ante-uruguay-y-brasil-reutersagustin-marcarian-45Y2ARWEHLYAMHHCWLQYMM7ANY.jpg?auth=a9685b0171a603f713b7e8f4d1e208224faefbfe8ed075fda0d7be1b724608cb&amp;width=767\" alt=\"Gonzalo Montiel y Giovani Lo Celso tampoco estar\u00e1n en los partidos ante Uruguay y Brasil. (REUTERS\/Agustin Marcarian)\"\/><\/figure>\n\n\n\n<h2 class=\"wp-block-heading\">La Selecci\u00f3n argentina tiene su primer entrenamiento<\/h2>\n\n\n\n<p>La\u00a0<strong>Selecci\u00f3n argentina<\/strong> se prepara para enfrentar a\u00a0<strong>Uruguay y Brasil\u00a0<\/strong>en una nueva doble fecha de las\u00a0<strong>Eliminatorias Sudamericanas rumbo al Mundial 2026<\/strong>.\u00a0<strong>Lionel Scaloni<\/strong>\u00a0dirigir\u00e1 el primer entrenamiento este lunes por la tarde, a las 17.<\/p>\n\n\n\n<p>El pr\u00f3ximo martes 18, la Albiceleste realizar\u00e1 su segunda pr\u00e1ctica por la tarde, con horario a confirmar. El mi\u00e9rcoles, el equipo volver\u00e1 a entrenarse en el mismo horario. El jueves, el DT dar\u00e1 una conferencia de prensa.<\/p>\n\n\n\n<figure class=\"wp-block-image\"><img decoding=\"async\" src=\"https:\/\/tn.com.ar\/resizer\/v2\/la-seleccion-argentina-pone-primera-en-este-2025-con-partidos-ante-uruguay-y-brasil-foto-reuterspedro-lazaro-fernandez-OTXWJPTLKVBUDEQ2NJACQV3DDA.jpg?auth=09a891de181edab59669b02bba0b899955a6a752ca4075991177cbce40d491b7&amp;width=767\" alt=\"La Selecci\u00f3n argentina pone primera en este 2025 con partidos ante Uruguay y Brasil. (Foto: REUTERS\/Pedro Lazaro Fernandez)\"\/><\/figure>\n\n\n\n<p>Luego, la delegaci\u00f3n viajar\u00e1 rumbo a Montevideo para continuar con su preparaci\u00f3n de cara al partido ante la Celeste.<\/p>\n\n\n\n<h2 class=\"wp-block-heading\">La completa agenda de la Selecci\u00f3n argentina antes del partido con Uruguay<\/h2>\n\n\n\n<p><strong>Lunes 17 de marzo<\/strong><\/p>\n\n\n\n<p>17.00\u2013 Entrenamiento (cerrado)<\/p>\n\n\n\n<p>*futbolistas liberados<\/p>\n\n\n\n<p><strong>Martes 18 de marzo<\/strong><\/p>\n\n\n\n<p>Entrenamiento vespertino (con horario a confirmar)<\/p>\n\n\n\n<p><strong>Mi\u00e9rcoles 19 de marzo<\/strong><\/p>\n\n\n\n<p>Entrenamiento vespertino (con horario a confirmar)<\/p>\n\n\n\n<p><strong>Jueves 20 de marzo<\/strong><\/p>\n\n\n\n<p>Entrenamiento (horario a confirmar)<\/p>\n\n\n\n<p>Conferencia Lionel Scaloni (horario a confirmar)<\/p>\n\n\n\n<p>Viaje a Montevideo<\/p>\n\n\n\n<p><strong>Viernes 21 de marzo<\/strong><\/p>\n\n\n\n<p>20.30\u2013 Uruguay vs. Argentina<\/p>\n\n\n\n<h2 class=\"wp-block-heading\">Cu\u00e1ndo juega la Selecci\u00f3n argentina ante Brasil por Eliminatorias<\/h2>\n\n\n\n<p>La Albiceleste recibir\u00e1 a&nbsp;<strong>Brasil&nbsp;<\/strong>en el M\u00e1s Monumental, el&nbsp;<strong>martes 25 a las 21,&nbsp;<\/strong>por la fecha 14 de las Eliminatorias.<\/p>\n","protected":false},"excerpt":{"rendered":"<p>El delantero argentino tendr\u00e1 para un mes de recuperaci\u00f3n y qued\u00f3 marginado de los partidos ante Uruguay y Brasil. Qui\u00e9nes son los otros que no formar\u00e1n parte de la convocatoria.&hellip; <\/p>\n","protected":false},"author":8,"featured_media":197093,"comment_status":"closed","ping_status":"open","sticky":false,"template":"","format":"standard","meta":{"footnotes":""},"categories":[4],"tags":[],"class_list":["post-197092","post","type-post","status-publish","format-standard","has-post-thumbnail","hentry","category-deportes"],"_links":{"self":[{"href":"https:\/\/corrientesdetarde.com\/index.php\/wp-json\/wp\/v2\/posts\/197092","targetHints":{"allow":["GET"]}}],"collection":[{"href":"https:\/\/corrientesdetarde.com\/index.php\/wp-json\/wp\/v2\/posts"}],"about":[{"href":"https:\/\/corrientesdetarde.com\/index.php\/wp-json\/wp\/v2\/types\/post"}],"author":[{"embeddable":true,"href":"https:\/\/corrientesdetarde.com\/index.php\/wp-json\/wp\/v2\/users\/8"}],"replies":[{"embeddable":true,"href":"https:\/\/corrientesdetarde.com\/index.php\/wp-json\/wp\/v2\/comments?post=197092"}],"version-history":[{"count":1,"href":"https:\/\/corrientesdetarde.com\/index.php\/wp-json\/wp\/v2\/posts\/197092\/revisions"}],"predecessor-version":[{"id":197094,"href":"https:\/\/corrientesdetarde.com\/index.php\/wp-json\/wp\/v2\/posts\/197092\/revisions\/197094"}],"wp:featuredmedia":[{"embeddable":true,"href":"https:\/\/corrientesdetarde.com\/index.php\/wp-json\/wp\/v2\/media\/197093"}],"wp:attachment":[{"href":"https:\/\/corrientesdetarde.com\/index.php\/wp-json\/wp\/v2\/media?parent=197092"}],"wp:term":[{"taxonomy":"category","embeddable":true,"href":"https:\/\/corrientesdetarde.com\/index.php\/wp-json\/wp\/v2\/categories?post=197092"},{"taxonomy":"post_tag","embeddable":true,"href":"https:\/\/corrientesdetarde.com\/index.php\/wp-json\/wp\/v2\/tags?post=197092"}],"curies":[{"name":"wp","href":"https:\/\/api.w.org\/{rel}","templated":true}]}}