{"id":197095,"date":"2025-03-17T15:43:08","date_gmt":"2025-03-17T18:43:08","guid":{"rendered":"https:\/\/corrientesdetarde.com\/?p=197095"},"modified":"2025-03-17T15:43:12","modified_gmt":"2025-03-17T18:43:12","slug":"con-gran-exito-se-llevaron-adelante-las-ferias-de-emprendedores","status":"publish","type":"post","link":"https:\/\/corrientesdetarde.com\/index.php\/sociales\/con-gran-exito-se-llevaron-adelante-las-ferias-de-emprendedores\/","title":{"rendered":"&#8220;Con gran \u00e9xito&#8221; se llevaron adelante las ferias de emprendedores"},"content":{"rendered":"\n<p>El p\u00fablico se volc\u00f3 nuevamente este domingo a las ferias de emprendedores del Ministerio de Desarrollo Social de la Provincia, que tuvieron lugar en Capital, en el Paseo Iber\u00e1 de 18 a 24 horas, y en los Parques El Eucaliptal y Mitre de 18 a 23. Como siempre, bajo la coordinaci\u00f3n de la Direcci\u00f3n de Comercializaci\u00f3n, quienes aseguraron que se realizaron &#8220;con gran \u00e9xito&#8221; las tres.<\/p>\n\n\n\n<p>La Expo-emprendedora se llev\u00f3 a cabo en el Paseo Iber\u00e1, ubicado en la bajada del Puente &#8220;General Belgrano&#8221; y Costanera, por Lavalle entre D\u00edaz de Vivar y Cerrito, donde m\u00e1s de 300 feriantes expusieron y comercializaron &nbsp;sus trabajos. Se cont\u00f3 con un sector gastron\u00f3mico con patio de comidas y show de artistas, entre los que actuaron &#8220;Ritmos y zumba&#8221; a cargo del Profesor Ernesto, Grupo Acuarela y Grupo La Generaci\u00f3n.<\/p>\n\n\n\n<p>Por su parte, otros feriantes expusieran en la Multiferia de emprendedores en el barrio San Jer\u00f3nimo, en el Parque El Eucaliptal; y en &nbsp;la Feria de Revendedores que se realiz\u00f3 en el Parque Mitre, con productos de reventa.<\/p>\n\n\n\n<figure class=\"wp-block-image size-large\"><img loading=\"lazy\" decoding=\"async\" width=\"769\" height=\"1024\" src=\"https:\/\/corrientesdetarde.com\/wp-content\/uploads\/2025\/03\/image-655-769x1024.png\" alt=\"\" class=\"wp-image-197096\" srcset=\"https:\/\/corrientesdetarde.com\/wp-content\/uploads\/2025\/03\/image-655-769x1024.png 769w, https:\/\/corrientesdetarde.com\/wp-content\/uploads\/2025\/03\/image-655-225x300.png 225w, https:\/\/corrientesdetarde.com\/wp-content\/uploads\/2025\/03\/image-655-768x1023.png 768w, https:\/\/corrientesdetarde.com\/wp-content\/uploads\/2025\/03\/image-655-1153x1536.png 1153w, https:\/\/corrientesdetarde.com\/wp-content\/uploads\/2025\/03\/image-655-1537x2048.png 1537w\" sizes=\"auto, (max-width: 769px) 100vw, 769px\" \/><\/figure>\n\n\n\n<figure class=\"wp-block-image size-large\"><img loading=\"lazy\" decoding=\"async\" width=\"769\" height=\"1024\" src=\"https:\/\/corrientesdetarde.com\/wp-content\/uploads\/2025\/03\/image-656-769x1024.png\" alt=\"\" class=\"wp-image-197097\" srcset=\"https:\/\/corrientesdetarde.com\/wp-content\/uploads\/2025\/03\/image-656-769x1024.png 769w, https:\/\/corrientesdetarde.com\/wp-content\/uploads\/2025\/03\/image-656-225x300.png 225w, https:\/\/corrientesdetarde.com\/wp-content\/uploads\/2025\/03\/image-656-768x1023.png 768w, https:\/\/corrientesdetarde.com\/wp-content\/uploads\/2025\/03\/image-656-1153x1536.png 1153w, https:\/\/corrientesdetarde.com\/wp-content\/uploads\/2025\/03\/image-656-1537x2048.png 1537w\" sizes=\"auto, (max-width: 769px) 100vw, 769px\" \/><\/figure>\n\n\n\n<figure class=\"wp-block-image size-large\"><img loading=\"lazy\" decoding=\"async\" width=\"769\" height=\"1024\" src=\"https:\/\/corrientesdetarde.com\/wp-content\/uploads\/2025\/03\/image-657-769x1024.png\" alt=\"\" class=\"wp-image-197098\" srcset=\"https:\/\/corrientesdetarde.com\/wp-content\/uploads\/2025\/03\/image-657-769x1024.png 769w, https:\/\/corrientesdetarde.com\/wp-content\/uploads\/2025\/03\/image-657-225x300.png 225w, https:\/\/corrientesdetarde.com\/wp-content\/uploads\/2025\/03\/image-657-768x1023.png 768w, https:\/\/corrientesdetarde.com\/wp-content\/uploads\/2025\/03\/image-657-1153x1536.png 1153w, https:\/\/corrientesdetarde.com\/wp-content\/uploads\/2025\/03\/image-657-1537x2048.png 1537w\" sizes=\"auto, (max-width: 769px) 100vw, 769px\" \/><\/figure>\n\n\n\n<figure class=\"wp-block-image size-large\"><img loading=\"lazy\" decoding=\"async\" width=\"769\" height=\"1024\" src=\"https:\/\/corrientesdetarde.com\/wp-content\/uploads\/2025\/03\/image-658-769x1024.png\" alt=\"\" class=\"wp-image-197099\" srcset=\"https:\/\/corrientesdetarde.com\/wp-content\/uploads\/2025\/03\/image-658-769x1024.png 769w, https:\/\/corrientesdetarde.com\/wp-content\/uploads\/2025\/03\/image-658-225x300.png 225w, https:\/\/corrientesdetarde.com\/wp-content\/uploads\/2025\/03\/image-658-768x1023.png 768w, https:\/\/corrientesdetarde.com\/wp-content\/uploads\/2025\/03\/image-658-1153x1536.png 1153w, https:\/\/corrientesdetarde.com\/wp-content\/uploads\/2025\/03\/image-658-1537x2048.png 1537w\" sizes=\"auto, (max-width: 769px) 100vw, 769px\" \/><\/figure>\n","protected":false},"excerpt":{"rendered":"<p>El p\u00fablico se volc\u00f3 nuevamente este domingo a las ferias de emprendedores del Ministerio de Desarrollo Social de la Provincia, que tuvieron lugar en Capital, en el Paseo Iber\u00e1 de&hellip; <\/p>\n","protected":false},"author":8,"featured_media":197097,"comment_status":"closed","ping_status":"open","sticky":false,"template":"","format":"standard","meta":{"footnotes":""},"categories":[17],"tags":[],"class_list":["post-197095","post","type-post","status-publish","format-standard","has-post-thumbnail","hentry","category-sociales"],"_links":{"self":[{"href":"https:\/\/corrientesdetarde.com\/index.php\/wp-json\/wp\/v2\/posts\/197095","targetHints":{"allow":["GET"]}}],"collection":[{"href":"https:\/\/corrientesdetarde.com\/index.php\/wp-json\/wp\/v2\/posts"}],"about":[{"href":"https:\/\/corrientesdetarde.com\/index.php\/wp-json\/wp\/v2\/types\/post"}],"author":[{"embeddable":true,"href":"https:\/\/corrientesdetarde.com\/index.php\/wp-json\/wp\/v2\/users\/8"}],"replies":[{"embeddable":true,"href":"https:\/\/corrientesdetarde.com\/index.php\/wp-json\/wp\/v2\/comments?post=197095"}],"version-history":[{"count":1,"href":"https:\/\/corrientesdetarde.com\/index.php\/wp-json\/wp\/v2\/posts\/197095\/revisions"}],"predecessor-version":[{"id":197100,"href":"https:\/\/corrientesdetarde.com\/index.php\/wp-json\/wp\/v2\/posts\/197095\/revisions\/197100"}],"wp:featuredmedia":[{"embeddable":true,"href":"https:\/\/corrientesdetarde.com\/index.php\/wp-json\/wp\/v2\/media\/197097"}],"wp:attachment":[{"href":"https:\/\/corrientesdetarde.com\/index.php\/wp-json\/wp\/v2\/media?parent=197095"}],"wp:term":[{"taxonomy":"category","embeddable":true,"href":"https:\/\/corrientesdetarde.com\/index.php\/wp-json\/wp\/v2\/categories?post=197095"},{"taxonomy":"post_tag","embeddable":true,"href":"https:\/\/corrientesdetarde.com\/index.php\/wp-json\/wp\/v2\/tags?post=197095"}],"curies":[{"name":"wp","href":"https:\/\/api.w.org\/{rel}","templated":true}]}}